{"id":101,"date":"2022-01-04T22:14:49","date_gmt":"2022-01-04T22:14:49","guid":{"rendered":"https:\/\/lavozdesanesteban.cl\/?p=101"},"modified":"2022-01-04T22:14:53","modified_gmt":"2022-01-04T22:14:53","slug":"internos-de-la-region-se-preparan-para-su-reinsercion-a-traves-de-practicos-cursos-laborales","status":"publish","type":"post","link":"https:\/\/lavozdesanesteban.cl\/index.php\/2022\/01\/04\/internos-de-la-region-se-preparan-para-su-reinsercion-a-traves-de-practicos-cursos-laborales\/","title":{"rendered":"Internos de la regi\u00f3n se preparan para su reinserci\u00f3n a trav\u00e9s de pr\u00e1cticos cursos laborales"},"content":{"rendered":"\n<p><\/p>\n\n\n\n<p><em>Manipulaci\u00f3n de alimentos, corte y confecci\u00f3n de ropa industrial, fabricaci\u00f3n de muebles en l\u00ednea plana, entre otras, son algunas de las iniciativas implementadas para introducir a privados de libertad de la regi\u00f3n de Valpara\u00edso, en el \u00e1mbito laboral.<\/em><\/p>\n\n\n\n<p>&nbsp;&nbsp;&nbsp;&nbsp;&nbsp;&nbsp;&nbsp;&nbsp;&nbsp;&nbsp;&nbsp; Diversos y pr\u00e1cticos son los cursos que figuran en la parrilla program\u00e1tica que Proyecto +R, iniciativa liderada por el Ministerio de Justicia y Derechos Humanos, y desarrollada en estrecha coordinaci\u00f3n con el Servicio de Capacitaci\u00f3n y Empleo (Sence) y Gendarmer\u00eda de Chile, impulsa en distintas unidades penales de la regi\u00f3n de Valpara\u00edso, tanto para mujeres como hombres privados de libertad.<\/p>\n\n\n\n<p>&nbsp;&nbsp;&nbsp;&nbsp;&nbsp;&nbsp;&nbsp;&nbsp;&nbsp;&nbsp;&nbsp; &nbsp;El proyecto, que en 2020 debi\u00f3 congelar las clases presenciales para procurar la protecci\u00f3n de los internos e internas y la reducci\u00f3n de las posibilidades de contagio dentro de las unidades penales, imparti\u00f3 con \u00e9xito, en 2019, cursos como mec\u00e1nica b\u00e1sica, panader\u00eda, log\u00edstica y bodegaje, retomando el programa el 2021 con instrucci\u00f3n laboral en fabricaci\u00f3n de muebles en l\u00ednea plana y madera natural, corte y confecci\u00f3n, y manipulaci\u00f3n de alimentos, cuyas clases concluyen el presente a\u00f1o, en el que tambi\u00e9n se inician los cursos de carpintero en obra gruesa en edificaci\u00f3n y de auxiliar de aseo.<\/p>\n\n\n\n<p>&nbsp;&nbsp;&nbsp;&nbsp;&nbsp;&nbsp;&nbsp;&nbsp;&nbsp;&nbsp;&nbsp; La seremi de Justicia y Derechos Humanos de Valpara\u00edso, Soraya Said, junto al director de Sence, Alejandro Villarroel, y le director (S) de Gendarmer\u00eda, coronel Oscar Luna, adem\u00e1s de un representante de la Fundaci\u00f3n Invictus, visitaron a los alumnos de las clases desarrolladas en el Complejo Penitenciario de Valpara\u00edso, para ver los avances y tomar las impresiones de las y los privados de libertad inscritos voluntariamente en los cursos.<\/p>\n\n\n\n<p>&nbsp;&nbsp;&nbsp;&nbsp;&nbsp;&nbsp;&nbsp;&nbsp;&nbsp;&nbsp;&nbsp; Tras el recorrido, la seremi Said destac\u00f3 la coordinaci\u00f3n y los resultados que se han logrado en la regi\u00f3n ya que \u201cpudimos ver el inter\u00e9s real que presentan los internos por participar de los cursos de Proyecto +R, por aprender un oficio que les da una nueva opci\u00f3n de vida, una vez que cumplan su condena, de retornar a la sociedad con una preparaci\u00f3n laboral efectiva con la que antes no contaban porque muchos de ellos no s\u00f3lo no han terminado su educaci\u00f3n b\u00e1sica o media, la que est\u00e1n, por supuesto, comple<a><\/a>tando y terminando dentro de la c\u00e1rcel, pero que, adem\u00e1s, nunca han sido parte, anteriormente, de la fuerza laboral. De eso se trata Proyecto +R, una nueva oportunidad de vida para personas que tambi\u00e9n necesitan de nuestro respaldo y apoyo, que son parte de la sociedad\u201d.<\/p>\n\n\n\n<p>&nbsp;&nbsp;&nbsp;&nbsp;&nbsp;&nbsp;&nbsp;&nbsp;&nbsp;&nbsp;&nbsp; Agreg\u00f3 que las oportunidades de trabajo son tan importantes para disminuir la tasa de delitos, que gracias a la ocupaci\u00f3n laboral es posible reducir entre un 33% y un 50% la reincidencia, es decir que, hasta la mitad de las personas que recuperan su libertad y consiguen un trabajo remunerado, no vuelven a cometer delito.<\/p>\n\n\n\n<p>&nbsp;&nbsp;&nbsp;&nbsp;&nbsp;&nbsp;&nbsp;&nbsp;&nbsp;&nbsp;&nbsp; \u201cEs por eso que es tremendamente importante que la empresa privada de la regi\u00f3n de Valpara\u00edso, se abra a la posibilidad de contratar a personas que participan de este emblem\u00e1tico Proyecto +R, del Ministerio de Justicia y Derechos Humanos, para que tanto internos e internas que voluntariamente se inscriben para ser parte de esta iniciativa que ven como una oportunidad para rehacer su vida, retomar su libertad, retornar a la sociedad y tener una nueva opci\u00f3n que les permita mantener a sus familias, cubrir sus necesidades y, por supuesto, no volver a cometer delitos. Pero si las opciones laborales remuneradas no se presentan, los esfuerzos tanto de las instituciones como de los internos e internas, no fructifican, no se reducen las tasas de delitos y aumenta la victimizaci\u00f3n. Es este esfuerzo el que solicitamos, para que la industria y la empresa privada sea clave y se sume, colaborativamente, a este trabajo. Por ello, los invitamos a abrirse a la posibilidad de conocer los detalles del proyecto y a recibir a estas personas que cuentan con un apresto laboral que les proporciona herramientas valiosas para su reinserci\u00f3n social efectiva, insumos que adquirieron desde el rigor de la privaci\u00f3n de libertad, pero que hoy buscan nuevas oportunidades\u201d, se\u00f1al\u00f3 la seremi Said.&nbsp;<\/p>\n\n\n\n<p>&nbsp;&nbsp;&nbsp;&nbsp;&nbsp;&nbsp;&nbsp;&nbsp;&nbsp;&nbsp;&nbsp; Por su parte, el director de Sence, Alejandro Villarroel, indic\u00f3 que \u201chemos constatado c\u00f3mo, a trav\u00e9s de la capacitaci\u00f3n, se puede entregar herramientas para el desarrollo de las personas que est\u00e1n privadas de libertad. Poniendo recursos en estos sectores, podemos mejorar competencias como, por ejemplo, en el \u00e1rea de la construcci\u00f3n, en la confecci\u00f3n de muebles, lo cual motiva, se hacen esfuerzos en mejorar conductas, para poder enfrentar un mundo laboral distinto, en espera de su integraci\u00f3n a la sociedad. As\u00ed es que estamos muy contentos con esta visita a tres cursos, con lo que creemos se justifica plenamente los recursos del programa Transferencia al Sector P\u00fablico, en especial a Gendarmer\u00eda de Chile, que no solo cumple la labor que todos conocemos, sino una importante labor social\u201d.<\/p>\n\n\n\n<p>Finalmente, el director regional (S) de Gendarmer\u00eda, destac\u00f3 que \u201cesta es una gran oportunidad de continuar y fortalecer el Proyecto +R, liderado por el Ministerio de Justicia, para reforzar, dar continuidad y oportunidad a las personas privadas de libertad, potenciar sus habilidades, reducir los riesgos de reincidencia en delitos. Al d\u00eda de hoy, en el Complejo Penitenciario de Valpara\u00edso, se ven beneficiados 40 hombres y 20 mujeres, de quienes hemos podido observar importantes avances, como se pudo apreciar en la visita reciente de las autoridades quienes, junto al alcaide del establecimiento, renovaron el compromiso de seguir apoyando y colaborando, a trav\u00e9s de lo p\u00fablico y lo privado, con capacitaciones para la reinserci\u00f3n e inserci\u00f3n laboral de personas que hoy est\u00e1n privadas de libertad\u201d. &nbsp;<\/p>\n","protected":false},"excerpt":{"rendered":"<p>Manipulaci\u00f3n de alimentos, corte y confecci\u00f3n de ropa industrial, fabricaci\u00f3n de muebles en l\u00ednea plana, entre otras, son algunas de las iniciativas implementadas para introducir a privados de libertad de la regi\u00f3n de Valpara\u00edso, en el \u00e1mbito laboral. &nbsp;&nbsp;&nbsp;&nbsp;&nbsp;&nbsp;&nbsp;&nbsp;&nbsp;&nbsp;&nbsp; Diversos y pr\u00e1cticos son los cursos que figuran en la parrilla program\u00e1tica que Proyecto +R, iniciativa &hellip;<\/p>\n","protected":false},"author":2,"featured_media":102,"comment_status":"open","ping_status":"open","sticky":false,"template":"","format":"standard","meta":{"spay_email":""},"categories":[3],"tags":[8],"jetpack_featured_media_url":"https:\/\/lavozdesanesteban.cl\/wp-content\/uploads\/2022\/01\/PRESOS.jpeg","_links":{"self":[{"href":"https:\/\/lavozdesanesteban.cl\/index.php\/wp-json\/wp\/v2\/posts\/101"}],"collection":[{"href":"https:\/\/lavozdesanesteban.cl\/index.php\/wp-json\/wp\/v2\/posts"}],"about":[{"href":"https:\/\/lavozdesanesteban.cl\/index.php\/wp-json\/wp\/v2\/types\/post"}],"author":[{"embeddable":true,"href":"https:\/\/lavozdesanesteban.cl\/index.php\/wp-json\/wp\/v2\/users\/2"}],"replies":[{"embeddable":true,"href":"https:\/\/lavozdesanesteban.cl\/index.php\/wp-json\/wp\/v2\/comments?post=101"}],"version-history":[{"count":1,"href":"https:\/\/lavozdesanesteban.cl\/index.php\/wp-json\/wp\/v2\/posts\/101\/revisions"}],"predecessor-version":[{"id":103,"href":"https:\/\/lavozdesanesteban.cl\/index.php\/wp-json\/wp\/v2\/posts\/101\/revisions\/103"}],"wp:featuredmedia":[{"embeddable":true,"href":"https:\/\/lavozdesanesteban.cl\/index.php\/wp-json\/wp\/v2\/media\/102"}],"wp:attachment":[{"href":"https:\/\/lavozdesanesteban.cl\/index.php\/wp-json\/wp\/v2\/media?parent=101"}],"wp:term":[{"taxonomy":"category","embeddable":true,"href":"https:\/\/lavozdesanesteban.cl\/index.php\/wp-json\/wp\/v2\/categories?post=101"},{"taxonomy":"post_tag","embeddable":true,"href":"https:\/\/lavozdesanesteban.cl\/index.php\/wp-json\/wp\/v2\/tags?post=101"}],"curies":[{"name":"wp","href":"https:\/\/api.w.org\/{rel}","templated":true}]}}