{"id":1023,"date":"2022-05-11T23:00:19","date_gmt":"2022-05-11T23:00:19","guid":{"rendered":"https:\/\/lavozdesanesteban.cl\/?p=1023"},"modified":"2022-05-11T23:00:22","modified_gmt":"2022-05-11T23:00:22","slug":"jovenes-sanestebinos-del-taller-de-escalada-de-la-escuela-pablo-neruda-tuvieron-destacados-resultados-en-el-1-campeonato-regional-en-el-quisco","status":"publish","type":"post","link":"https:\/\/lavozdesanesteban.cl\/index.php\/2022\/05\/11\/jovenes-sanestebinos-del-taller-de-escalada-de-la-escuela-pablo-neruda-tuvieron-destacados-resultados-en-el-1-campeonato-regional-en-el-quisco\/","title":{"rendered":"J\u00f3venes sanestebinos del Taller de Escalada de la Escuela Pablo Neruda tuvieron destacados resultados en el 1 Campeonato Regional en El Quisco"},"content":{"rendered":"\n<ul><li>San Esteban ser\u00e1 la comuna en la que el pr\u00f3ximo mes se desarrollar\u00e1 la segunda fecha.<\/li><\/ul>\n\n\n\n<p>Una destacada participaci\u00f3n tuvo este s\u00e1bado un grupo de ni\u00f1os y ni\u00f1as deportistas de San Esteban pertenecientes al taller de escalada de la Escuela Pablo Neruda y Desplome Escalada, en el 1<sup>er <\/sup>Campeonato Regional realizado en El Quisco.<\/p>\n\n\n\n<p>La ocasi\u00f3n, permiti\u00f3 que seis de los deportistas pudieran obtener laureadas colocaciones en cinco categor\u00edas distintas:<\/p>\n\n\n\n<ul><li><strong>Categor\u00eda Juvenil B<\/strong><\/li><\/ul>\n\n\n\n<p>1er Lugar &#8211; Tomas Herrera Abarca<\/p>\n\n\n\n<ul><li><strong>Categor\u00eda<\/strong> <strong>Juvenil C<\/strong><\/li><\/ul>\n\n\n\n<p>1er Lugar &#8211; Isidora Arancibia Pe\u00f1a<\/p>\n\n\n\n<p>1er Lugar &#8211; Breydan Arancibia Guerra<\/p>\n\n\n\n<p>4to Lugar &#8211; Alonso Mar\u00edn Sandoval<\/p>\n\n\n\n<ul><li><strong>Categor\u00eda Peneca<\/strong><\/li><\/ul>\n\n\n\n<p>1er Lugar &#8211; Jos\u00e9 Tomas Mu\u00f1oz Suazo<\/p>\n\n\n\n<ul><li><strong>Categor\u00eda<\/strong> <strong>Preparatoria<\/strong><\/li><\/ul>\n\n\n\n<p>2do Lugar Constanza Pizarro Ahumada<\/p>\n\n\n\n<ul><li><strong>Categor\u00eda<\/strong> <strong>Mini<\/strong><\/li><\/ul>\n\n\n\n<p>2do Lugar &#8211; Lucas Mu\u00f1oz Suazo<\/p>\n\n\n\n<p>Jos\u00e9 Luis Mu\u00f1oz, profesor Encargado del taller de escalada de la Escuela Pablo Neruda y qui\u00e9n acompa\u00f1\u00f3 a los competidores manifest\u00f3 su alegr\u00eda por los logros obtenidos, se\u00f1alando que \u201cPara nosotros es muy importante, ya que motiva tanto a estudiantes como a las familias y por supuesto que a nosotros, los talleristas el rendimiento y los buenos resultados de nuestros estudiantes. El foco principal de nosotros no es la competencia, sino que ellos desarrollen habilidades deportivas que les sirva para el futuro; estos logros de los campeonatos y los primeros lugares son importantes para nosotros, pero no es el fin \u00faltimo\u201d.<\/p>\n\n\n\n<p>\u201cEstamos muy contentos por lo que venimos trabajando hace muchos a\u00f1os, ya que muchos de estos estudiantes vienen desde k\u00ednder, y ahora est\u00e1n en octavo b\u00e1sico, como as\u00ed tambi\u00e9n muchos de ellos han salido de esta escuela y hoy son profesionales (de la disciplina) o est\u00e1n estudiando en universidades estatales con becas deportivas, entonces ese es nuestro norte en nuestro taller y que nos tiene muy contentos y satisfechos como instituci\u00f3n\u201d. Agreg\u00f3 el profesional.<\/p>\n\n\n\n<p>Por su parte, la Directora del establecimiento, Eva Tapia, recalc\u00f3 los resultados del taller, afirmando que \u201cdebo decir que no me sorprenden, porque siempre hemos tenido muy buenos resultados en los campeonatos que se han realizado; el taller de escalada lleva ya quince a\u00f1os y tiene estudiantes que tienen un gran logro en esta disciplina. Desde que se hizo ol\u00edmpica que hemos tenido seleccionados nacionales, campeones nacionales en varias categor\u00edas y bueno, nuestro monitor (Jos\u00e9 Luis Mu\u00f1oz) fue campe\u00f3n de escalada, a nivel nacional y sudamericano, as\u00ed que estamos m\u00e1s que contentos.\u201d<\/p>\n\n\n\n<p>Junto con ello, la directiva puntualiz\u00f3 que desean \u201cconstruir un nuevo muro de mayor altura, porque el que tenemos ya les quedo peque\u00f1o a los estudiantes mas experimentados y aventajados y el que tenemos es para los ni\u00f1os y ni\u00f1as que se est\u00e1n iniciando. Ese es uno de los desaf\u00edos que tenemos, el cual se ha solicitado en el PME (Plan de Mejoramiento Educativo) por varios a\u00f1os y que no ha sido concretado. Espero que, con estas nuevas autoridades pudiera concretarse\u201d.<\/p>\n\n\n\n<p>Cabe destacar que San Esteban ser\u00e1 la comuna en la que se desarrollar\u00e1 la segunda fecha del Circuito Regional de Escalada, el pr\u00f3ximo mes.<\/p>\n","protected":false},"excerpt":{"rendered":"<p>San Esteban ser\u00e1 la comuna en la que el pr\u00f3ximo mes se desarrollar\u00e1 la segunda fecha. Una destacada participaci\u00f3n tuvo este s\u00e1bado un grupo de ni\u00f1os y ni\u00f1as deportistas de San Esteban pertenecientes al taller de escalada de la Escuela Pablo Neruda y Desplome Escalada, en el 1er Campeonato Regional realizado en El Quisco. La &hellip;<\/p>\n","protected":false},"author":2,"featured_media":1024,"comment_status":"open","ping_status":"open","sticky":false,"template":"","format":"standard","meta":{"spay_email":""},"categories":[2],"tags":[8],"jetpack_featured_media_url":"https:\/\/lavozdesanesteban.cl\/wp-content\/uploads\/2022\/05\/ESCALADA-3.jpg","_links":{"self":[{"href":"https:\/\/lavozdesanesteban.cl\/index.php\/wp-json\/wp\/v2\/posts\/1023"}],"collection":[{"href":"https:\/\/lavozdesanesteban.cl\/index.php\/wp-json\/wp\/v2\/posts"}],"about":[{"href":"https:\/\/lavozdesanesteban.cl\/index.php\/wp-json\/wp\/v2\/types\/post"}],"author":[{"embeddable":true,"href":"https:\/\/lavozdesanesteban.cl\/index.php\/wp-json\/wp\/v2\/users\/2"}],"replies":[{"embeddable":true,"href":"https:\/\/lavozdesanesteban.cl\/index.php\/wp-json\/wp\/v2\/comments?post=1023"}],"version-history":[{"count":1,"href":"https:\/\/lavozdesanesteban.cl\/index.php\/wp-json\/wp\/v2\/posts\/1023\/revisions"}],"predecessor-version":[{"id":1025,"href":"https:\/\/lavozdesanesteban.cl\/index.php\/wp-json\/wp\/v2\/posts\/1023\/revisions\/1025"}],"wp:featuredmedia":[{"embeddable":true,"href":"https:\/\/lavozdesanesteban.cl\/index.php\/wp-json\/wp\/v2\/media\/1024"}],"wp:attachment":[{"href":"https:\/\/lavozdesanesteban.cl\/index.php\/wp-json\/wp\/v2\/media?parent=1023"}],"wp:term":[{"taxonomy":"category","embeddable":true,"href":"https:\/\/lavozdesanesteban.cl\/index.php\/wp-json\/wp\/v2\/categories?post=1023"},{"taxonomy":"post_tag","embeddable":true,"href":"https:\/\/lavozdesanesteban.cl\/index.php\/wp-json\/wp\/v2\/tags?post=1023"}],"curies":[{"name":"wp","href":"https:\/\/api.w.org\/{rel}","templated":true}]}}