{"id":121,"date":"2022-01-13T21:03:38","date_gmt":"2022-01-13T21:03:38","guid":{"rendered":"https:\/\/lavozdesanesteban.cl\/?p=121"},"modified":"2022-01-13T21:03:42","modified_gmt":"2022-01-13T21:03:42","slug":"balance-de-esval-2021-finalizo-con-grave-deficit-de-precipitaciones-y-nieve-acumulada","status":"publish","type":"post","link":"https:\/\/lavozdesanesteban.cl\/index.php\/2022\/01\/13\/balance-de-esval-2021-finalizo-con-grave-deficit-de-precipitaciones-y-nieve-acumulada\/","title":{"rendered":"Balance de ESVAL: 2021 finaliz\u00f3 con grave d\u00e9ficit de precipitaciones y nieve acumulada"},"content":{"rendered":"\n<p><\/p>\n\n\n\n<p>Esval dio a conocer el balance h\u00eddrico de la temporada 2021, incluyendo el registro de agua ca\u00edda hasta el 31 de diciembre en diversas comunas de la Regi\u00f3n de Valpara\u00edso, el nivel de nieve acumulado en la cordillera y el volumen de los principales embalses. La prolongada Sequ\u00eda que afecta a la zona y se extiende por m\u00e1s de trece a\u00f1os, alcanz\u00f3 el 75% en promedio, mientras la acumulaci\u00f3n de nieve en la estaci\u00f3n de Portillo disminuy\u00f3 casi en un 100% respecto a un a\u00f1o normal.<\/p>\n\n\n\n<p>\u201cLa situaci\u00f3n sigue siendo cr\u00edtica en nuestra regi\u00f3n: 2021 ha sido el a\u00f1o m\u00e1s seco y c\u00e1lido del siglo XXI. Pr\u00e1cticamente no tenemos deshielos en la cordillera y en el \u00faltimo invierno s\u00f3lo hubo 3 d\u00edas de lluvias. Gracias a las inversiones realizadas previendo esta extrema Sequ\u00eda, logramos robustecer nuestras reservas, fuentes de producci\u00f3n y tener una infraestructura m\u00e1s resiliente, evitando tener racionamientos de agua potable. Por otro lado, la mega obra de reversibilidad en el embalse Los Aromos nos ha permitido sostener el abastecimiento de m\u00e1s de 1 mill\u00f3n de habitantes del Gran Valpara\u00edso, el Litoral Norte y La Ligua\u201d, se\u00f1al\u00f3 el gerente regional de Esval, Alejandro Salas.<\/p>\n\n\n\n<p>Debido a este complejo escenario, el ejecutivo reiter\u00f3 el llamado a la comunidad. \u201cHoy m\u00e1s que nunca, es fundamental hacer un consumo responsable del agua. Todos los usuarios debemos tomar conciencia de que el recurso h\u00eddrico es cada vez m\u00e1s escaso y existe un enorme esfuerzo para que el simple acto de abrir la llave y tener agua potable sea posible. Por ello, en este periodo estival donde se incrementan los consumos debido a las altas temperaturas y el aumento en la poblaci\u00f3n flotante, llamamos a evitar el llenado constante de piscinas; no regar en horarios de mayor luminosidad o calor; tomar duchas cortas; no dejar la llave corriendo; y revisar nuestras instalaciones interiores para prevenir filtraciones o p\u00e9rdidas, entre otras medidas. Cada gota cuenta.\u201d<\/p>\n","protected":false},"excerpt":{"rendered":"<p>Esval dio a conocer el balance h\u00eddrico de la temporada 2021, incluyendo el registro de agua ca\u00edda hasta el 31 de diciembre en diversas comunas de la Regi\u00f3n de Valpara\u00edso, el nivel de nieve acumulado en la cordillera y el volumen de los principales embalses. La prolongada Sequ\u00eda que afecta a la zona y se &hellip;<\/p>\n","protected":false},"author":2,"featured_media":122,"comment_status":"open","ping_status":"open","sticky":false,"template":"","format":"standard","meta":{"spay_email":""},"categories":[3],"tags":[8],"jetpack_featured_media_url":"https:\/\/lavozdesanesteban.cl\/wp-content\/uploads\/2022\/01\/BALANCE-GRAFICO.jpeg","_links":{"self":[{"href":"https:\/\/lavozdesanesteban.cl\/index.php\/wp-json\/wp\/v2\/posts\/121"}],"collection":[{"href":"https:\/\/lavozdesanesteban.cl\/index.php\/wp-json\/wp\/v2\/posts"}],"about":[{"href":"https:\/\/lavozdesanesteban.cl\/index.php\/wp-json\/wp\/v2\/types\/post"}],"author":[{"embeddable":true,"href":"https:\/\/lavozdesanesteban.cl\/index.php\/wp-json\/wp\/v2\/users\/2"}],"replies":[{"embeddable":true,"href":"https:\/\/lavozdesanesteban.cl\/index.php\/wp-json\/wp\/v2\/comments?post=121"}],"version-history":[{"count":1,"href":"https:\/\/lavozdesanesteban.cl\/index.php\/wp-json\/wp\/v2\/posts\/121\/revisions"}],"predecessor-version":[{"id":124,"href":"https:\/\/lavozdesanesteban.cl\/index.php\/wp-json\/wp\/v2\/posts\/121\/revisions\/124"}],"wp:featuredmedia":[{"embeddable":true,"href":"https:\/\/lavozdesanesteban.cl\/index.php\/wp-json\/wp\/v2\/media\/122"}],"wp:attachment":[{"href":"https:\/\/lavozdesanesteban.cl\/index.php\/wp-json\/wp\/v2\/media?parent=121"}],"wp:term":[{"taxonomy":"category","embeddable":true,"href":"https:\/\/lavozdesanesteban.cl\/index.php\/wp-json\/wp\/v2\/categories?post=121"},{"taxonomy":"post_tag","embeddable":true,"href":"https:\/\/lavozdesanesteban.cl\/index.php\/wp-json\/wp\/v2\/tags?post=121"}],"curies":[{"name":"wp","href":"https:\/\/api.w.org\/{rel}","templated":true}]}}