{"id":1306,"date":"2022-06-30T01:25:03","date_gmt":"2022-06-30T01:25:03","guid":{"rendered":"https:\/\/lavozdesanesteban.cl\/?p=1306"},"modified":"2022-06-30T01:25:06","modified_gmt":"2022-06-30T01:25:06","slug":"confirman-salida-de-centrales-a-carbon-desde-la-bahia-de-quintero-puchuncavi-al-2025","status":"publish","type":"post","link":"https:\/\/lavozdesanesteban.cl\/index.php\/2022\/06\/30\/confirman-salida-de-centrales-a-carbon-desde-la-bahia-de-quintero-puchuncavi-al-2025\/","title":{"rendered":"Confirman salida de centrales a carb\u00f3n desde la bah\u00eda de Quintero \u2013 Puchuncav\u00ed al 2025"},"content":{"rendered":"\n<p><\/p>\n\n\n\n<p>&nbsp;&nbsp;&nbsp;&nbsp;&nbsp;&nbsp;&nbsp;&nbsp;&nbsp;&nbsp;&nbsp;&nbsp;&nbsp;&nbsp;&nbsp; La confirmaci\u00f3n que al 2025 dejar\u00e1n de operar todas las centrales a carb\u00f3n en la bah\u00eda de Quintero y Puchuncav\u00ed, manifest\u00f3 el seremi de energ\u00eda, Hern\u00e1n Dinamarca, en el marco de una reuni\u00f3n de la Comisi\u00f3n de Medio Ambiente, Patrimonio Natural y Cambio Clim\u00e1tico del Consejo Regional (CORE) de Valpara\u00edso, presidida por el consejero Eduardo Le\u00f3n Lazcano.<\/p>\n\n\n\n<p>&nbsp;&nbsp;&nbsp;&nbsp;&nbsp;&nbsp;&nbsp;&nbsp;&nbsp;&nbsp;&nbsp;&nbsp;&nbsp;&nbsp;&nbsp; En la oportunidad, el secretario regional ministerial expuso sobre las pol\u00edticas y programas del Ministerio de Energ\u00eda en la regi\u00f3n, as\u00ed como tambi\u00e9n las prioridades y propuestas de iniciativas de inversi\u00f3n que se contemplan en el territorio.<\/p>\n\n\n\n<p>&nbsp;&nbsp;&nbsp;&nbsp;&nbsp;&nbsp;&nbsp;&nbsp;&nbsp;&nbsp;&nbsp;&nbsp;&nbsp;&nbsp;&nbsp; En este sentido, Dinamarca indic\u00f3 que \u201cdesde nuestra perspectiva como (ministerio de) Energ\u00eda, de las cuatro centrales a carb\u00f3n, ya sali\u00f3 una, este a\u00f1o sale otra y est\u00e1 comprometido que entre el 2024 y 2025 salen las \u00faltimas dos. Es decir, el 2025 no habr\u00edan centrales a carb\u00f3n en esa zona. La salida de las de carb\u00f3n es m\u00e1s instant\u00e1nea. (La zona de Quintero y Puchuncav\u00ed) tambi\u00e9n es un centro importante para la distribuci\u00f3n de combustible para todo el pa\u00eds. De ah\u00ed sale todo el gas natural desde GNL, que abastece al 60% del pa\u00eds y mientras no haya combustible limpio para mover los autos,&nbsp; de ah\u00ed tambi\u00e9n sale todo el combustible, entonces cualquier cosa que se haga en ese plano tiene que ser muy meditada, porque no se trata de decir vamos a instalar otros puertos en otras partes, est\u00e1n los oleoductos y toda la infraestructura, pero hay que mejorar todos esos procesos, con est\u00e1ndares medioambientales mucho m\u00e1s rigurosos\u201d.<\/p>\n\n\n\n<p>&nbsp;&nbsp;&nbsp;&nbsp;&nbsp;&nbsp;&nbsp;&nbsp;&nbsp;&nbsp;&nbsp;&nbsp;&nbsp;&nbsp;&nbsp; El presidente de la Comisi\u00f3n de Medio Ambiente, Eduardo Le\u00f3n, dijo que \u201c(en la bah\u00eda de Quintero y Puchuncav\u00ed) s\u00f3lo pueden haber empresas que no generen emisiones ni perjuicios a las personas. Chile debe descarbonizarse, primero cerrar las carboneras y despu\u00e9s seguir con las que usan gas. El hidr\u00f3geno verde, la energ\u00eda solar son importantes en nuestra matriz energ\u00e9tica\u201d.<\/p>\n\n\n\n<p>&nbsp;&nbsp;&nbsp;&nbsp;&nbsp;&nbsp;&nbsp;&nbsp;&nbsp;&nbsp;&nbsp;&nbsp;&nbsp;&nbsp;&nbsp; A ello, Le\u00f3n agreg\u00f3 que \u201ciniciamos un trabajo en conjunto con la seremi de Energ\u00eda, porque sabemos que tenemos que realizar una transici\u00f3n energ\u00e9tica ambientalmente sustentable y socialmente justa. Hoy el Gobierno Regional tiene la posibilidad de hacer Pol\u00edticas Regionales, por ejemplo en electromovilidad, e incluso podemos empezar a hablar de una Estrategia Regional de Hidr\u00f3geno Verde\u201d.<\/p>\n","protected":false},"excerpt":{"rendered":"<p>&nbsp;&nbsp;&nbsp;&nbsp;&nbsp;&nbsp;&nbsp;&nbsp;&nbsp;&nbsp;&nbsp;&nbsp;&nbsp;&nbsp;&nbsp; La confirmaci\u00f3n que al 2025 dejar\u00e1n de operar todas las centrales a carb\u00f3n en la bah\u00eda de Quintero y Puchuncav\u00ed, manifest\u00f3 el seremi de energ\u00eda, Hern\u00e1n Dinamarca, en el marco de una reuni\u00f3n de la Comisi\u00f3n de Medio Ambiente, Patrimonio Natural y Cambio Clim\u00e1tico del Consejo Regional (CORE) de Valpara\u00edso, presidida por el consejero &hellip;<\/p>\n","protected":false},"author":2,"featured_media":1307,"comment_status":"open","ping_status":"open","sticky":false,"template":"","format":"standard","meta":{"spay_email":""},"categories":[3],"tags":[8],"jetpack_featured_media_url":"https:\/\/lavozdesanesteban.cl\/wp-content\/uploads\/2022\/06\/MA4.jpg","_links":{"self":[{"href":"https:\/\/lavozdesanesteban.cl\/index.php\/wp-json\/wp\/v2\/posts\/1306"}],"collection":[{"href":"https:\/\/lavozdesanesteban.cl\/index.php\/wp-json\/wp\/v2\/posts"}],"about":[{"href":"https:\/\/lavozdesanesteban.cl\/index.php\/wp-json\/wp\/v2\/types\/post"}],"author":[{"embeddable":true,"href":"https:\/\/lavozdesanesteban.cl\/index.php\/wp-json\/wp\/v2\/users\/2"}],"replies":[{"embeddable":true,"href":"https:\/\/lavozdesanesteban.cl\/index.php\/wp-json\/wp\/v2\/comments?post=1306"}],"version-history":[{"count":1,"href":"https:\/\/lavozdesanesteban.cl\/index.php\/wp-json\/wp\/v2\/posts\/1306\/revisions"}],"predecessor-version":[{"id":1308,"href":"https:\/\/lavozdesanesteban.cl\/index.php\/wp-json\/wp\/v2\/posts\/1306\/revisions\/1308"}],"wp:featuredmedia":[{"embeddable":true,"href":"https:\/\/lavozdesanesteban.cl\/index.php\/wp-json\/wp\/v2\/media\/1307"}],"wp:attachment":[{"href":"https:\/\/lavozdesanesteban.cl\/index.php\/wp-json\/wp\/v2\/media?parent=1306"}],"wp:term":[{"taxonomy":"category","embeddable":true,"href":"https:\/\/lavozdesanesteban.cl\/index.php\/wp-json\/wp\/v2\/categories?post=1306"},{"taxonomy":"post_tag","embeddable":true,"href":"https:\/\/lavozdesanesteban.cl\/index.php\/wp-json\/wp\/v2\/tags?post=1306"}],"curies":[{"name":"wp","href":"https:\/\/api.w.org\/{rel}","templated":true}]}}