{"id":1467,"date":"2022-08-02T21:04:55","date_gmt":"2022-08-02T21:04:55","guid":{"rendered":"https:\/\/lavozdesanesteban.cl\/?p=1467"},"modified":"2022-08-02T21:04:58","modified_gmt":"2022-08-02T21:04:58","slug":"los-andes-celebro-aniversario-231-retomando-tradicionales-actividades-previas-a-la-pandemia","status":"publish","type":"post","link":"https:\/\/lavozdesanesteban.cl\/index.php\/2022\/08\/02\/los-andes-celebro-aniversario-231-retomando-tradicionales-actividades-previas-a-la-pandemia\/","title":{"rendered":"Los Andes celebr\u00f3 aniversario 231 retomando tradicionales actividades previas a la pandemia"},"content":{"rendered":"\n<p><\/p>\n\n\n\n<p><em>Misa de acci\u00f3n de gracias y el tradicional desfile aniversario marcaron las actividades del 31 de julio.<\/em><\/p>\n\n\n\n<p>El domingo 31 de julio, la comuna de Los Andes cumpli\u00f3 231 a\u00f1os desde que Ambrosio O\u00b4Higgins la fundara como Villa Santa Rosa, por ende, el municipio andino, quiso retomar tradiciones que se hab\u00edan dejado de lado debido a la pandemia. En la parroquia Santa Rosa se realiz\u00f3 la misa de acci\u00f3n de gracias encabezada por el Obispo de la Di\u00f3cesis, Gonzalo Bravo, quien agradeci\u00f3 por este mes de celebraciones y encomend\u00f3 en las manos de Dios a la comuna y a sus habitantes.<\/p>\n\n\n\n<p>\u201cEstoy muy contento por tener la posibilidad de presidir esta ceremonia religiosa, en Los Andes y saludar a todas las andinas y andinos, que han ido construyendo una ciudad m\u00e1s humana, m\u00e1s hermana, que son atributos del mundo cristiano y simplemente agradecer la oportunidad que Dios me dio de estar ac\u00e1\u201d, se\u00f1al\u00f3 el prelado.<\/p>\n\n\n\n<p>Tras ello las autoridades y vecinos se desplazaron hasta la Avenida Chacabuco, donde tras la colocaci\u00f3n de la ofrenda floral a los pies del fundador Ambrosio O\u2019Higgins, se procedi\u00f3 a dar inicio al tradicional desfile, que cont\u00f3 con la presencia de establecimientos educacionales, as\u00ed como de diversas instituciones y organizaciones.<\/p>\n\n\n\n<p>El alcalde Manuel Rivera declar\u00f3: \u201cQueremos agradecer a nuestros antepasados, a nuestro fundador, pues vivimos un momento para dar las gracias a tantas mujeres y hombres que siendo o no de la ciudad han contribuido a su desarrollo y en segundo lugar destacar el reconocimiento que nos hacen instituciones de gran prestigio como la Universidad Cat\u00f3lica y la C\u00e1mara Chilena de la Construcci\u00f3n de ubicarnos en los primeros lugares del ranking de calidad de vida\u201d.<\/p>\n\n\n\n<p>Asimismo, el delegado Presidencial Provincial, Cristi\u00e1n Aravena felicit\u00f3 a los andinos y andinas por las celebraciones durante todo el mes. \u201cSaludar a las vecinas y vecinos de esta hermosa comuna que con estas actividades est\u00e1 culminando un mes de aniversario, solo me queda como representante del Gobierno en la provincia, felicitar a su alcalde y a todos por la impecable celebraci\u00f3n\u201d.<\/p>\n\n\n\n<p>El diputado Nelson Venegas tambi\u00e9n quiso felicitar al alcalde Rivera a la vez que ofreci\u00f3 todo su apoyo: \u201cquiero ponerme a disposici\u00f3n m\u00e1s all\u00e1 de nuestras leg\u00edtimas diferencias pol\u00edticas, todos tenemos que empujar para el desarrollo de los vecinos y vecinas de Los Andes\u201d.<\/p>\n\n\n\n<p>Muy temprano del 31 de julio, la primera autoridad comunal recibi\u00f3 los saludos protocolares de distintas instituciones en la alcald\u00eda del municipio andino. Con estas actividades concluy\u00f3 el mes aniversario 2022.<\/p>\n","protected":false},"excerpt":{"rendered":"<p>Misa de acci\u00f3n de gracias y el tradicional desfile aniversario marcaron las actividades del 31 de julio. El domingo 31 de julio, la comuna de Los Andes cumpli\u00f3 231 a\u00f1os desde que Ambrosio O\u00b4Higgins la fundara como Villa Santa Rosa, por ende, el municipio andino, quiso retomar tradiciones que se hab\u00edan dejado de lado debido &hellip;<\/p>\n","protected":false},"author":2,"featured_media":1468,"comment_status":"open","ping_status":"open","sticky":false,"template":"","format":"standard","meta":{"spay_email":""},"categories":[7],"tags":[8],"jetpack_featured_media_url":"https:\/\/lavozdesanesteban.cl\/wp-content\/uploads\/2022\/08\/aniversario.jpeg","_links":{"self":[{"href":"https:\/\/lavozdesanesteban.cl\/index.php\/wp-json\/wp\/v2\/posts\/1467"}],"collection":[{"href":"https:\/\/lavozdesanesteban.cl\/index.php\/wp-json\/wp\/v2\/posts"}],"about":[{"href":"https:\/\/lavozdesanesteban.cl\/index.php\/wp-json\/wp\/v2\/types\/post"}],"author":[{"embeddable":true,"href":"https:\/\/lavozdesanesteban.cl\/index.php\/wp-json\/wp\/v2\/users\/2"}],"replies":[{"embeddable":true,"href":"https:\/\/lavozdesanesteban.cl\/index.php\/wp-json\/wp\/v2\/comments?post=1467"}],"version-history":[{"count":1,"href":"https:\/\/lavozdesanesteban.cl\/index.php\/wp-json\/wp\/v2\/posts\/1467\/revisions"}],"predecessor-version":[{"id":1469,"href":"https:\/\/lavozdesanesteban.cl\/index.php\/wp-json\/wp\/v2\/posts\/1467\/revisions\/1469"}],"wp:featuredmedia":[{"embeddable":true,"href":"https:\/\/lavozdesanesteban.cl\/index.php\/wp-json\/wp\/v2\/media\/1468"}],"wp:attachment":[{"href":"https:\/\/lavozdesanesteban.cl\/index.php\/wp-json\/wp\/v2\/media?parent=1467"}],"wp:term":[{"taxonomy":"category","embeddable":true,"href":"https:\/\/lavozdesanesteban.cl\/index.php\/wp-json\/wp\/v2\/categories?post=1467"},{"taxonomy":"post_tag","embeddable":true,"href":"https:\/\/lavozdesanesteban.cl\/index.php\/wp-json\/wp\/v2\/tags?post=1467"}],"curies":[{"name":"wp","href":"https:\/\/api.w.org\/{rel}","templated":true}]}}