{"id":1470,"date":"2022-08-02T21:09:19","date_gmt":"2022-08-02T21:09:19","guid":{"rendered":"https:\/\/lavozdesanesteban.cl\/?p=1470"},"modified":"2022-08-02T21:09:22","modified_gmt":"2022-08-02T21:09:22","slug":"municipio-andino-realiza-encuentro-de-coordinacion-intersectorial-para-personas-en-situacion-de-calle","status":"publish","type":"post","link":"https:\/\/lavozdesanesteban.cl\/index.php\/2022\/08\/02\/municipio-andino-realiza-encuentro-de-coordinacion-intersectorial-para-personas-en-situacion-de-calle\/","title":{"rendered":"Municipio andino realiza encuentro de coordinaci\u00f3n intersectorial para personas en situaci\u00f3n de calle"},"content":{"rendered":"\n<p><\/p>\n\n\n\n<p><em>Con miras a la conformaci\u00f3n de una mesa de trabajo permanente.<\/em><\/p>\n\n\n\n<p>Este a\u00f1o ha sido un periodo de consolidaci\u00f3n para el programa municipal que trabaja con las personas en situaci\u00f3n de calle y la labor que hacen en el albergue municipal. Hace pocas semanas se adjudicaron tres dispositivos del Ministerio de Desarrollo Social y Familia que avalan esa gesti\u00f3n.<\/p>\n\n\n\n<p>Para una mejor coordinaci\u00f3n, la Municipalidad de Los Andes convoc\u00f3 a una reuni\u00f3n con distintos organizamos e instituciones que juegan un rol clave para los requerimientos de las personas en situaci\u00f3n de calle. La idea de esta reuni\u00f3n es poder generar un espacio de coordinaci\u00f3n entre las diversas instituciones comunales y ofrecer respuestas a diversas necesidades y requerimientos, as\u00ed tambi\u00e9n protocolizar acciones en beneficio de los usuarios y usar\u00edas.&nbsp;<\/p>\n\n\n\n<p>Estuvieron presentes: Cesfam Codillera Andina, Cosam, Senda Previene, equipo de Seguridad P\u00fablica, Hospital Los Andes, agrupaciones de voluntariado, Iglesia Monte de Los Olivos, Oficina de Migraci\u00f3n, y la Oficina de diversidad sexual LGTBQ+.<\/p>\n\n\n\n<p>Marta Hidalgo, asistente social de la direcci\u00f3n de Desarrollo Comunitario, coment\u00f3 que esta reuni\u00f3n permite hacer alianzas con instituciones p\u00fablicas, principalmente que nos permitan hacer mejor nuestro trabajo, con respuestas r\u00e1pidas para determinar derivaciones y otras necesidades\u201d.<\/p>\n\n\n\n<p>Ingrid Peters, encargada de albergue n\u00b02 agreg\u00f3: \u201cEs importante esta instancia para activar la red comunitaria, as\u00ed podemos impulsar v\u00ednculos y hacer las derivaciones correspondientes para que ellos tambi\u00e9n nos conozcan sobre el trabajo que hacemos la disponibilidad de cupos, las atenciones y los beneficios\u201d.<\/p>\n\n\n\n<p>Cabe precisa que el Municipio se adjudic\u00f3 los siguientes dispositivos:&nbsp;&nbsp; albergue n\u00b01 para 20 personas, albergue n\u00b0 2 para 20 personas y programa Ruta Calle, para 30 personas, beneficiando de esta manera a 70 personas en situaci\u00f3n de calle de la comuna de Los Andes.<\/p>\n\n\n\n<p>Rodolfo Arce, encargado del programa social ruta calle sostuvo que \u201cel albergue municipal comenz\u00f3 su funcionamiento en abril, mientras que el segundo albergue comenzar\u00e1 pr\u00f3ximamente con una duraci\u00f3n de 120 d\u00edas, m\u00e1s la ruta social que beneficia a 30 personas, a quienes se les entrega desayuno, cena y otras prestaciones m\u00e9dicas\u201d.<\/p>\n","protected":false},"excerpt":{"rendered":"<p>Con miras a la conformaci\u00f3n de una mesa de trabajo permanente. Este a\u00f1o ha sido un periodo de consolidaci\u00f3n para el programa municipal que trabaja con las personas en situaci\u00f3n de calle y la labor que hacen en el albergue municipal. Hace pocas semanas se adjudicaron tres dispositivos del Ministerio de Desarrollo Social y Familia &hellip;<\/p>\n","protected":false},"author":2,"featured_media":1471,"comment_status":"open","ping_status":"open","sticky":false,"template":"","format":"standard","meta":{"spay_email":""},"categories":[7],"tags":[8],"jetpack_featured_media_url":"https:\/\/lavozdesanesteban.cl\/wp-content\/uploads\/2022\/08\/personas-calle.jpeg","_links":{"self":[{"href":"https:\/\/lavozdesanesteban.cl\/index.php\/wp-json\/wp\/v2\/posts\/1470"}],"collection":[{"href":"https:\/\/lavozdesanesteban.cl\/index.php\/wp-json\/wp\/v2\/posts"}],"about":[{"href":"https:\/\/lavozdesanesteban.cl\/index.php\/wp-json\/wp\/v2\/types\/post"}],"author":[{"embeddable":true,"href":"https:\/\/lavozdesanesteban.cl\/index.php\/wp-json\/wp\/v2\/users\/2"}],"replies":[{"embeddable":true,"href":"https:\/\/lavozdesanesteban.cl\/index.php\/wp-json\/wp\/v2\/comments?post=1470"}],"version-history":[{"count":1,"href":"https:\/\/lavozdesanesteban.cl\/index.php\/wp-json\/wp\/v2\/posts\/1470\/revisions"}],"predecessor-version":[{"id":1472,"href":"https:\/\/lavozdesanesteban.cl\/index.php\/wp-json\/wp\/v2\/posts\/1470\/revisions\/1472"}],"wp:featuredmedia":[{"embeddable":true,"href":"https:\/\/lavozdesanesteban.cl\/index.php\/wp-json\/wp\/v2\/media\/1471"}],"wp:attachment":[{"href":"https:\/\/lavozdesanesteban.cl\/index.php\/wp-json\/wp\/v2\/media?parent=1470"}],"wp:term":[{"taxonomy":"category","embeddable":true,"href":"https:\/\/lavozdesanesteban.cl\/index.php\/wp-json\/wp\/v2\/categories?post=1470"},{"taxonomy":"post_tag","embeddable":true,"href":"https:\/\/lavozdesanesteban.cl\/index.php\/wp-json\/wp\/v2\/tags?post=1470"}],"curies":[{"name":"wp","href":"https:\/\/api.w.org\/{rel}","templated":true}]}}