{"id":1473,"date":"2022-08-02T21:13:23","date_gmt":"2022-08-02T21:13:23","guid":{"rendered":"https:\/\/lavozdesanesteban.cl\/?p=1473"},"modified":"2022-08-02T21:13:26","modified_gmt":"2022-08-02T21:13:26","slug":"hemoglucotest-y-anticonceptivos-entre-los-productos-mas-requeridos-en-la-farmacia-comunitaria-de-los-andes","status":"publish","type":"post","link":"https:\/\/lavozdesanesteban.cl\/index.php\/2022\/08\/02\/hemoglucotest-y-anticonceptivos-entre-los-productos-mas-requeridos-en-la-farmacia-comunitaria-de-los-andes\/","title":{"rendered":"Hemoglucotest y anticonceptivos, entre los productos m\u00e1s requeridos en la Farmacia Comunitaria de Los Andes"},"content":{"rendered":"\n<p><\/p>\n\n\n\n<p>Actualmente la Farmacia Comunitaria de Los Andes, dependiente del Departamento de Salud del municipio andino, cuenta con sobre 500 productos para diferentes tratamientos. Los f\u00e1rmacos e insumos est\u00e1n disponibles para la comunidad que se inscriba en la farmacia, proceso que es de f\u00e1cil acceso al acreditar vivir, estudiar o trabajar en la comuna.<\/p>\n\n\n\n<p>Luis Calder\u00f3n, director t\u00e9cnico de la farmacia, se\u00f1ala que a la fecha se ha crecido en m\u00e1s del 100 por ciento en la disponibilidad de insumos, en comparaci\u00f3n al inicio del a\u00f1o 2021. \u201cHoy podemos destacar productos que han tenido muy buena recepci\u00f3n por parte de nuestros usuarios, se inscriben y adquirir sus tratamientos es mucho m\u00e1s conveniente\u201d.<\/p>\n\n\n\n<p>Uno de los productos que ha despertado gran inter\u00e9s de los usuarios es el&nbsp; hemoglucotest, que viene con 50 cintas y 50 lancetas, m\u00e1s la m\u00e1quina con pilas. \u201cEs de marca Sinocare, todo eso cuesta $9.240. Tenemos una licitaci\u00f3n con esta m\u00e1quina por la cual podemos abastecer a los usuarios por dos a\u00f1os manteniendo los precios congelados\u201d.&nbsp;<\/p>\n\n\n\n<p>El qu\u00edmico farmac\u00e9utico agrega que uno de los \u00faltimos productos que lleg\u00f3 son las medias anti emb\u00f3licas. Por otra parte, dentro de las pastillas anticonceptivas una de las m\u00e1s solicitadas es Acotol, tiene un valor de $6.670. Otro medicamento es el Diclofenaco en gel, una pomada&nbsp; que sirve para tratar los dolores reum\u00e1ticos. Tiene un valor de $670 actualmente\u201d.<\/p>\n\n\n\n<p>Claudio Baeza, director de salud municipal de Los Andes, invit\u00f3 a la comunidad andina a seguir inscribi\u00e9ndose y haciendo uso de la Farmacia Comunitaria, que tiene dos grandes caracter\u00edsticas: \u201cprimero va a encontrar medicamentos a bajo costo y adem\u00e1s es solidaria, porque cada vez que usted compra un medicamento nos da la posibilidad de adquirir nuevos medicamentos para los usuarios que m\u00e1s lo necesiten\u201d.<\/p>\n\n\n\n<p>La Farmacia Comunitaria de Los Andes, ubicada en calle Esmeralda n\u00ba562, atiende de lunes a viernes de 08:30 a 13:00 por las ma\u00f1anas, y en las tardes de lunes a jueves de 15:15 a 17:00, los viernes de 15:15 a 16:00 horas.<\/p>\n","protected":false},"excerpt":{"rendered":"<p>Actualmente la Farmacia Comunitaria de Los Andes, dependiente del Departamento de Salud del municipio andino, cuenta con sobre 500 productos para diferentes tratamientos. Los f\u00e1rmacos e insumos est\u00e1n disponibles para la comunidad que se inscriba en la farmacia, proceso que es de f\u00e1cil acceso al acreditar vivir, estudiar o trabajar en la comuna. Luis Calder\u00f3n, &hellip;<\/p>\n","protected":false},"author":2,"featured_media":1474,"comment_status":"open","ping_status":"open","sticky":false,"template":"","format":"standard","meta":{"spay_email":""},"categories":[7],"tags":[8],"jetpack_featured_media_url":"https:\/\/lavozdesanesteban.cl\/wp-content\/uploads\/2022\/08\/farmacia-scaled.jpg","_links":{"self":[{"href":"https:\/\/lavozdesanesteban.cl\/index.php\/wp-json\/wp\/v2\/posts\/1473"}],"collection":[{"href":"https:\/\/lavozdesanesteban.cl\/index.php\/wp-json\/wp\/v2\/posts"}],"about":[{"href":"https:\/\/lavozdesanesteban.cl\/index.php\/wp-json\/wp\/v2\/types\/post"}],"author":[{"embeddable":true,"href":"https:\/\/lavozdesanesteban.cl\/index.php\/wp-json\/wp\/v2\/users\/2"}],"replies":[{"embeddable":true,"href":"https:\/\/lavozdesanesteban.cl\/index.php\/wp-json\/wp\/v2\/comments?post=1473"}],"version-history":[{"count":1,"href":"https:\/\/lavozdesanesteban.cl\/index.php\/wp-json\/wp\/v2\/posts\/1473\/revisions"}],"predecessor-version":[{"id":1475,"href":"https:\/\/lavozdesanesteban.cl\/index.php\/wp-json\/wp\/v2\/posts\/1473\/revisions\/1475"}],"wp:featuredmedia":[{"embeddable":true,"href":"https:\/\/lavozdesanesteban.cl\/index.php\/wp-json\/wp\/v2\/media\/1474"}],"wp:attachment":[{"href":"https:\/\/lavozdesanesteban.cl\/index.php\/wp-json\/wp\/v2\/media?parent=1473"}],"wp:term":[{"taxonomy":"category","embeddable":true,"href":"https:\/\/lavozdesanesteban.cl\/index.php\/wp-json\/wp\/v2\/categories?post=1473"},{"taxonomy":"post_tag","embeddable":true,"href":"https:\/\/lavozdesanesteban.cl\/index.php\/wp-json\/wp\/v2\/tags?post=1473"}],"curies":[{"name":"wp","href":"https:\/\/api.w.org\/{rel}","templated":true}]}}