{"id":1476,"date":"2022-08-02T21:18:56","date_gmt":"2022-08-02T21:18:56","guid":{"rendered":"https:\/\/lavozdesanesteban.cl\/?p=1476"},"modified":"2022-08-02T21:18:58","modified_gmt":"2022-08-02T21:18:58","slug":"san-esteban-conmemoro-el-dia-del-campesino-con-la-presencia-del-ministro-de-agricultura-esteban-valenzuela","status":"publish","type":"post","link":"https:\/\/lavozdesanesteban.cl\/index.php\/2022\/08\/02\/san-esteban-conmemoro-el-dia-del-campesino-con-la-presencia-del-ministro-de-agricultura-esteban-valenzuela\/","title":{"rendered":"San Esteban conmemor\u00f3 el D\u00eda del Campesino con la presencia del Ministro de Agricultura, Esteban Valenzuela"},"content":{"rendered":"\n<p><\/p>\n\n\n\n<ul><li>La comuna fue sede de la celebraci\u00f3n de la V Regi\u00f3n de Valpara\u00edso, donde asistieron autoridades de INDAP y alcaldes de la zona.<\/li><\/ul>\n\n\n\n<p>Este viernes 29 de julio se celebr\u00f3 el D\u00eda del Campesino a nivel regional, donde San Esteban fue la comuna que recibi\u00f3 la visita del ministro de Agricultura Esteban Valenzuela. El evento estuvo encabezado por el alcalde de la comuna, Christian Ortega, INDAP, el Ministerio de Agricultura y autoridades del Valle del Aconcagua.<\/p>\n\n\n\n<p>Dentro de las actividades que se realizaron en el Parque Cordillera, las autoridades hicieron un recorrido por diferentes stands de emprendimientos de la regi\u00f3n, apreciaron bailes t\u00edpicos nacionales y reconocieron a diferentes agricultores de la zona, quienes se destacan por prevalecer la cultura campesina. Adem\u00e1s,&nbsp; tras la ceremonia hubo una presentaci\u00f3n ecuestre, del conjunto La Espuelita de Calle Larga.<\/p>\n\n\n\n<p>\u201cEs muy importante y muy simb\u00f3lico poder estar en el Parque Cordillera, en la medialuna del Guat\u00f3n Loyola reconociendo a nuestros campesinos y campesinas de la regi\u00f3n y de San Esteban. Agradecer al ministro (de agricultura) por su presencia, al director nacional de INDAP; a las autoridades; diputados; alcaldes y alcaldesas que nos acompa\u00f1an porque sin duda es algo importante hoy d\u00eda el mundo campesino para nuestra regi\u00f3n\u201d, coment\u00f3 el alcalde de San Esteban, Christian Ortega.<\/p>\n\n\n\n<p>Adem\u00e1s, el jefe comunal realiz\u00f3 un llamado para ir en apoyo del mundo campesino, que ha sido golpeado por la pandemia y las situaci\u00f3n econ\u00f3mica que atraviesa el pa\u00eds: \u201cAs\u00ed que el llamado es hoy, durante el D\u00eda del Campesino, a un mayor aporte y mayor compromiso con el mundo rural, con el mundo agro y por sobre todo con la peque\u00f1a agricultura familiar campesina. Desde San Esteban, mi abrazo cordial a todos los campesinos de la regi\u00f3n de Valpara\u00edso\u201d.<\/p>\n\n\n\n<p>El ministro de Agricultura, Esteban Valenzuela, hizo hincapi\u00e9 en el contexto hist\u00f3rico de la conmemoraci\u00f3n del D\u00eda del Campesino, agradeci\u00f3 a los peque\u00f1os agricultores de la zona y destac\u00f3 la restauraci\u00f3n y apertura del Parque Cordillera: \u201cEs muy significativo por muchas razones, se reinaugura este espacio, despu\u00e9s de 15 a\u00f1os que estaba cerrado, felicitar al alcalde de San Esteban\u2026 Es un buen momento para nosotros de dar las gracias a esta familia fundamental de la peque\u00f1a agricultura, donde en Aconcagua, a pesar de la crisis del agua, se ha mantenido firme\u201d.<\/p>\n\n\n\n<p>Cabe destacar que en esta fecha se celebra el D\u00eda Del Campesino porque se recuerda la promulgaci\u00f3n de las leyes de la Reforma Agraria y Sindicalizaci\u00f3n Campesina.<\/p>\n","protected":false},"excerpt":{"rendered":"<p>La comuna fue sede de la celebraci\u00f3n de la V Regi\u00f3n de Valpara\u00edso, donde asistieron autoridades de INDAP y alcaldes de la zona. Este viernes 29 de julio se celebr\u00f3 el D\u00eda del Campesino a nivel regional, donde San Esteban fue la comuna que recibi\u00f3 la visita del ministro de Agricultura Esteban Valenzuela. El evento &hellip;<\/p>\n","protected":false},"author":2,"featured_media":1477,"comment_status":"open","ping_status":"open","sticky":false,"template":"","format":"standard","meta":{"spay_email":""},"categories":[2],"tags":[8],"jetpack_featured_media_url":"https:\/\/lavozdesanesteban.cl\/wp-content\/uploads\/2022\/08\/CELEBRACION-DIA-DEL-CAMPESINO-scaled.jpg","_links":{"self":[{"href":"https:\/\/lavozdesanesteban.cl\/index.php\/wp-json\/wp\/v2\/posts\/1476"}],"collection":[{"href":"https:\/\/lavozdesanesteban.cl\/index.php\/wp-json\/wp\/v2\/posts"}],"about":[{"href":"https:\/\/lavozdesanesteban.cl\/index.php\/wp-json\/wp\/v2\/types\/post"}],"author":[{"embeddable":true,"href":"https:\/\/lavozdesanesteban.cl\/index.php\/wp-json\/wp\/v2\/users\/2"}],"replies":[{"embeddable":true,"href":"https:\/\/lavozdesanesteban.cl\/index.php\/wp-json\/wp\/v2\/comments?post=1476"}],"version-history":[{"count":1,"href":"https:\/\/lavozdesanesteban.cl\/index.php\/wp-json\/wp\/v2\/posts\/1476\/revisions"}],"predecessor-version":[{"id":1478,"href":"https:\/\/lavozdesanesteban.cl\/index.php\/wp-json\/wp\/v2\/posts\/1476\/revisions\/1478"}],"wp:featuredmedia":[{"embeddable":true,"href":"https:\/\/lavozdesanesteban.cl\/index.php\/wp-json\/wp\/v2\/media\/1477"}],"wp:attachment":[{"href":"https:\/\/lavozdesanesteban.cl\/index.php\/wp-json\/wp\/v2\/media?parent=1476"}],"wp:term":[{"taxonomy":"category","embeddable":true,"href":"https:\/\/lavozdesanesteban.cl\/index.php\/wp-json\/wp\/v2\/categories?post=1476"},{"taxonomy":"post_tag","embeddable":true,"href":"https:\/\/lavozdesanesteban.cl\/index.php\/wp-json\/wp\/v2\/tags?post=1476"}],"curies":[{"name":"wp","href":"https:\/\/api.w.org\/{rel}","templated":true}]}}