{"id":1555,"date":"2022-08-10T23:39:31","date_gmt":"2022-08-10T23:39:31","guid":{"rendered":"https:\/\/lavozdesanesteban.cl\/?p=1555"},"modified":"2022-08-10T23:39:34","modified_gmt":"2022-08-10T23:39:34","slug":"seremi-de-obras-publicas-visita-la-provincia-de-los-andes-y-verifica-en-terreno-futuras-obras-estructurales","status":"publish","type":"post","link":"https:\/\/lavozdesanesteban.cl\/index.php\/2022\/08\/10\/seremi-de-obras-publicas-visita-la-provincia-de-los-andes-y-verifica-en-terreno-futuras-obras-estructurales\/","title":{"rendered":"Seremi de Obras P\u00fablicas visita la Provincia de Los Andes y verifica en terreno futuras obras estructurales."},"content":{"rendered":"\n<p><\/p>\n\n\n\n<p>Este mi\u00e9rcoles, el Delegado Presidencial Provincial de Los Andes tuvo una ardua jornada junto a su equipo y al Seremi de Obras P\u00fablicas, Yanino Riquelme. El objetivo de su visita fue recorrer y verificar en terreno los avances de lo que ser\u00e1 el nuevo cuartel de la Polic\u00eda de Investigaciones, el que se emplazara en avenida Hermanos Clark, comuna de Los Andes; adem\u00e1s de los avances del futuro nuevo Puente entre las comunas de Los Andes y San Esteban.<\/p>\n\n\n\n<p>El nuevo edificio ser\u00e1 de m\u00e1s de 5 mil metros cuadrados, contar\u00e1 de tres pisos con oficinas de la Brigada de Robo, Investigaci\u00f3n Criminal, Delitos Sexuales, Departamento de Polic\u00eda Internacional, Asesor\u00edas T\u00e9cnicas, en una inversi\u00f3n que supera los $8 mil millones de pesos y que permitir\u00e1 dotar de m\u00e1s espacios, oficinas y, sobre todo, de nuevos efectivos policiales para poder brindar m\u00e1s seguridad a las provincias de Los Andes, San Felipe y Petorca.<\/p>\n\n\n\n<p>El Seremi de Obras Publicas declar\u00f3 que <em>\u201cesta es una obra muy relevante, con una alta inversi\u00f3n, que ya lleva meses desarroll\u00e1ndose y en donde se proyecta su entrega para el \u00faltimo trimestre del a\u00f1o 2023\u201d<\/em>. Por su parte, &nbsp;el Delegado Presidencial complemento <em>\u201cestamos muy contentos con el avance que han ido desarrollando las obras que llegan a casi el 14% de avance, del que ser\u00e1 un edificio muy importante para toda la provincia de Los Andes\u201d.<\/em><\/p>\n\n\n\n<p>Luego de la visita, el Delegado Provincial junto al Seremi y el Director Regional de Vialidad, Danilo D\u00edaz, se reunieron en el Edificio de la Delegaci\u00f3n, con los alcaldes de las comunas de Los Andes, Manuel Rivera y San Esteban, Christian Ortega; donde conversaron sobre los avances del Estudio de Inversi\u00f3n de la construcci\u00f3n de un nuevo acceso entre ambas comunas.<\/p>\n\n\n\n<p>El objetivo del estudio, correspondi\u00f3 al an\u00e1lisis de factibilidad t\u00e9cnica de la construcci\u00f3n de una v\u00eda alternativa a la pasada urbana de la ruta E85 (Avenida Hermanos Clark)&nbsp; y su conexi\u00f3n con la ruta 60-CH, al interior de la comuna de Los Andes, de manera de obtener mejores condiciones de operaci\u00f3n, seguridad y accesibilidad&nbsp; en la conurbaci\u00f3n de San Esteban con Los Andes.<\/p>\n","protected":false},"excerpt":{"rendered":"<p>Este mi\u00e9rcoles, el Delegado Presidencial Provincial de Los Andes tuvo una ardua jornada junto a su equipo y al Seremi de Obras P\u00fablicas, Yanino Riquelme. El objetivo de su visita fue recorrer y verificar en terreno los avances de lo que ser\u00e1 el nuevo cuartel de la Polic\u00eda de Investigaciones, el que se emplazara en &hellip;<\/p>\n","protected":false},"author":2,"featured_media":1556,"comment_status":"open","ping_status":"open","sticky":false,"template":"","format":"standard","meta":{"spay_email":""},"categories":[7],"tags":[8],"jetpack_featured_media_url":"https:\/\/lavozdesanesteban.cl\/wp-content\/uploads\/2022\/08\/SEREMI.jpeg","_links":{"self":[{"href":"https:\/\/lavozdesanesteban.cl\/index.php\/wp-json\/wp\/v2\/posts\/1555"}],"collection":[{"href":"https:\/\/lavozdesanesteban.cl\/index.php\/wp-json\/wp\/v2\/posts"}],"about":[{"href":"https:\/\/lavozdesanesteban.cl\/index.php\/wp-json\/wp\/v2\/types\/post"}],"author":[{"embeddable":true,"href":"https:\/\/lavozdesanesteban.cl\/index.php\/wp-json\/wp\/v2\/users\/2"}],"replies":[{"embeddable":true,"href":"https:\/\/lavozdesanesteban.cl\/index.php\/wp-json\/wp\/v2\/comments?post=1555"}],"version-history":[{"count":1,"href":"https:\/\/lavozdesanesteban.cl\/index.php\/wp-json\/wp\/v2\/posts\/1555\/revisions"}],"predecessor-version":[{"id":1557,"href":"https:\/\/lavozdesanesteban.cl\/index.php\/wp-json\/wp\/v2\/posts\/1555\/revisions\/1557"}],"wp:featuredmedia":[{"embeddable":true,"href":"https:\/\/lavozdesanesteban.cl\/index.php\/wp-json\/wp\/v2\/media\/1556"}],"wp:attachment":[{"href":"https:\/\/lavozdesanesteban.cl\/index.php\/wp-json\/wp\/v2\/media?parent=1555"}],"wp:term":[{"taxonomy":"category","embeddable":true,"href":"https:\/\/lavozdesanesteban.cl\/index.php\/wp-json\/wp\/v2\/categories?post=1555"},{"taxonomy":"post_tag","embeddable":true,"href":"https:\/\/lavozdesanesteban.cl\/index.php\/wp-json\/wp\/v2\/tags?post=1555"}],"curies":[{"name":"wp","href":"https:\/\/api.w.org\/{rel}","templated":true}]}}