{"id":1562,"date":"2022-08-12T01:39:06","date_gmt":"2022-08-12T01:39:06","guid":{"rendered":"https:\/\/lavozdesanesteban.cl\/?p=1562"},"modified":"2022-08-12T01:39:09","modified_gmt":"2022-08-12T01:39:09","slug":"cesfam-centenario-tuvo-gran-concurrencia-en-celebracion-de-la-semana-de-la-lactancia-materna","status":"publish","type":"post","link":"https:\/\/lavozdesanesteban.cl\/index.php\/2022\/08\/12\/cesfam-centenario-tuvo-gran-concurrencia-en-celebracion-de-la-semana-de-la-lactancia-materna\/","title":{"rendered":"Cesfam Centenario tuvo gran concurrencia en celebraci\u00f3n de la Semana de la Lactancia Materna"},"content":{"rendered":"\n<p><\/p>\n\n\n\n<p><em>Jornada de baile, actividad f\u00edsica, yoga, y compartir experiencias entre mam\u00e1s<\/em><\/p>\n\n\n\n<p>Luego de un par de a\u00f1os sin poder realizar actividades presenciales producto de la pandemia, en esta oportunidad a la invitaci\u00f3n a celebrar la Semana de la Lactancia Materna en Cesfam Centenario asistieron cerca de 50 madres con sus hijos, a ser parte de las distintas actividades que se prepararon para la jornada.<\/p>\n\n\n\n<p>Hubo baile entretenido con porta beb\u00e9, yoga, relajaci\u00f3n, ejercicios post parto, cuencos, masaje shantala, rondas de preguntas y respuestas, y premios para las madres, as\u00ed como tambi\u00e9n una feria informativa donde las asistentes pudieron responder diversas consultas, orientadas por el equipo de profesionales del centro de salud.<\/p>\n\n\n\n<p>La actividad despert\u00f3 el inter\u00e9s por participar de mam\u00e1s e hijos, muchos de ellos nacidos en pandemia. Mirna Ureta, presidenta del Comit\u00e9 de Lactancia Materna del Cesfam Centenario, agradeci\u00f3 a las presentes el haber asistido en gran n\u00famero a esta celebraci\u00f3nas: \u201cesper\u00e1bamos con ansias este momento, luego de la pandemia esta es la primera actividad de promoci\u00f3n que podemos realizar. Hubo muchas madres que tuvieron o un embarazo en pandemia o ni\u00f1os nacidos durante la pandemia por lo tanto estas actividades resultan muy importantes para nosotros como salud y tambi\u00e9n para las mam\u00e1s, que pudieron aclarar dudas y compartir experiencias con sus pares\u201d.<\/p>\n\n\n\n<p>Pascale Hidalgo es mam\u00e1 de Luna, de 9 meses. Sobre su experiencia con el proceso de lactancia materna, se\u00f1ala que desde un comienzo con su peque\u00f1a tuvieron buen acople y disfruta mucho de la conexi\u00f3n que viven a diario, por lo que quiso participar de esta invitaci\u00f3n: \u201cestuvimos en la clase de baile entretenido con porta beb\u00e9, es primera vez que vivimos una experiencia as\u00ed, me gust\u00f3 mucho\u201d.<\/p>\n\n\n\n<p>Camila Quiroz asisti\u00f3 con su hija Fernanda: \u201cestamos contentas porque nos sirvi\u00f3 para aprender, primero en el baile y ahora en el masaje, y tambi\u00e9n para poder informarnos sobre estimulaci\u00f3n\u2026 compartimos entre mam\u00e1s y nos ayudamos a entender muchas cosas, ha sido bac\u00e1n la experiencia\u201d.&nbsp; En tanto Paula Maza, mam\u00e1 de Giulianna de seis meses, agreg\u00f3 sobre la actividad: \u201clo encontr\u00e9 super bueno, porque a todas creo que nos ha costado la lactancia al principio\u2026 y que nos informen, tambi\u00e9n los talleres, compartir con otras mam\u00e1s ha sido super bueno\u201d.<\/p>\n","protected":false},"excerpt":{"rendered":"<p>Jornada de baile, actividad f\u00edsica, yoga, y compartir experiencias entre mam\u00e1s Luego de un par de a\u00f1os sin poder realizar actividades presenciales producto de la pandemia, en esta oportunidad a la invitaci\u00f3n a celebrar la Semana de la Lactancia Materna en Cesfam Centenario asistieron cerca de 50 madres con sus hijos, a ser parte de &hellip;<\/p>\n","protected":false},"author":2,"featured_media":1563,"comment_status":"open","ping_status":"open","sticky":false,"template":"","format":"standard","meta":{"spay_email":""},"categories":[7],"tags":[8],"jetpack_featured_media_url":"https:\/\/lavozdesanesteban.cl\/wp-content\/uploads\/2022\/08\/LACTANCIA.jpeg","_links":{"self":[{"href":"https:\/\/lavozdesanesteban.cl\/index.php\/wp-json\/wp\/v2\/posts\/1562"}],"collection":[{"href":"https:\/\/lavozdesanesteban.cl\/index.php\/wp-json\/wp\/v2\/posts"}],"about":[{"href":"https:\/\/lavozdesanesteban.cl\/index.php\/wp-json\/wp\/v2\/types\/post"}],"author":[{"embeddable":true,"href":"https:\/\/lavozdesanesteban.cl\/index.php\/wp-json\/wp\/v2\/users\/2"}],"replies":[{"embeddable":true,"href":"https:\/\/lavozdesanesteban.cl\/index.php\/wp-json\/wp\/v2\/comments?post=1562"}],"version-history":[{"count":1,"href":"https:\/\/lavozdesanesteban.cl\/index.php\/wp-json\/wp\/v2\/posts\/1562\/revisions"}],"predecessor-version":[{"id":1564,"href":"https:\/\/lavozdesanesteban.cl\/index.php\/wp-json\/wp\/v2\/posts\/1562\/revisions\/1564"}],"wp:featuredmedia":[{"embeddable":true,"href":"https:\/\/lavozdesanesteban.cl\/index.php\/wp-json\/wp\/v2\/media\/1563"}],"wp:attachment":[{"href":"https:\/\/lavozdesanesteban.cl\/index.php\/wp-json\/wp\/v2\/media?parent=1562"}],"wp:term":[{"taxonomy":"category","embeddable":true,"href":"https:\/\/lavozdesanesteban.cl\/index.php\/wp-json\/wp\/v2\/categories?post=1562"},{"taxonomy":"post_tag","embeddable":true,"href":"https:\/\/lavozdesanesteban.cl\/index.php\/wp-json\/wp\/v2\/tags?post=1562"}],"curies":[{"name":"wp","href":"https:\/\/api.w.org\/{rel}","templated":true}]}}