{"id":1608,"date":"2022-08-16T23:48:11","date_gmt":"2022-08-16T23:48:11","guid":{"rendered":"https:\/\/lavozdesanesteban.cl\/?p=1608"},"modified":"2022-08-16T23:48:14","modified_gmt":"2022-08-16T23:48:14","slug":"departamento-de-salud-de-san-esteban-y-programa-chile-crece-contigo-organizaron-obras-de-teatro-en-colegios-de-la-comuna-por-el-mes-de-la-infancia","status":"publish","type":"post","link":"https:\/\/lavozdesanesteban.cl\/index.php\/2022\/08\/16\/departamento-de-salud-de-san-esteban-y-programa-chile-crece-contigo-organizaron-obras-de-teatro-en-colegios-de-la-comuna-por-el-mes-de-la-infancia\/","title":{"rendered":"Departamento de Salud de San Esteban y programa Chile Crece Contigo organizaron obras de teatro en colegios de la comuna por el mes de la infancia"},"content":{"rendered":"\n<p><\/p>\n\n\n\n<ul><li>Educaci\u00f3n sexual, salud mental, actividad f\u00edsica, salud bucal, Identidad de g\u00e9nero y alimentaci\u00f3n saludable, fueron algunas de las tem\u00e1ticas que se abordaron.<\/li><\/ul>\n\n\n\n<p>En el marco de la celebraci\u00f3n del mes de la infancia, la sala de estimulaci\u00f3n del Departamento de Salud de San Esteban, junto a los programas Promoci\u00f3n de la Salud y Chile Crece Contigo, organizaron la presentaci\u00f3n de la obra de teatro llamada \u201cEl monstruo de Colores\u201d, que se ha presentado gratuitamente en diferentes establecimientos educacionales de la comuna.<\/p>\n\n\n\n<p>La presentaci\u00f3n, relatada a trav\u00e9s de t\u00edteres de sombras, muestra las diferentes emociones existentes con colores, como la alegr\u00eda, la tristeza, el enojo y la tranquilidad, entre otras. La obra est\u00e1 enfocada en los alumnos de pre-kinder y kinder, quienes luego colorearon sus propios monstruos de acuerdo a los colores y las emociones. &nbsp;Aun as\u00ed, en las escuelas m\u00e1s peque\u00f1as de la comuna puede asistir gran parte del alumnado.<\/p>\n\n\n\n<p>La funci\u00f3n est\u00e1 a cargo de Soledad Olmos, educadora de p\u00e1rvulos de la sala de estimulaci\u00f3n del Departamento de Salud, Milena Alvarado, coordinadora de Chile Crece Contigo y Annay Molina, Fonoaudi\u00f3loga de la sala de estimulaci\u00f3n.<\/p>\n\n\n\n<p>Cabe mencionar que la actividad ya se ha realizado en las escuelas de Lo Calvo y El Cobre, donde tuvo una gran acogida del p\u00fablico infantil. Es por ello, que esas dos presentaciones pretenden ser el inicio de lo que ser\u00e1 un recorrido por gran parte de los colegios de San Esteban.<\/p>\n\n\n\n<p>\u201cComo Departamento de Salud municipal estamos muy contentos de organizar una hermosa actividad para todos los ni\u00f1os de nuestra comuna, donde trabajaremos las emociones, para tener unos ni\u00f1os y ni\u00f1as emocionalmente sanos y felices. El cuento que vamos a presentar en esta actividad se llama el monstruo de colores, que trabaja muy bien con esta tem\u00e1tica. Como sala de estimulaci\u00f3n estamos muy contentas de darles este hermoso regalo a todos los ni\u00f1os y, apoyados por el programa Chile Crece Contigo, esperamos llegar a todos los rincones de nuestra comuna\u201d, coment\u00f3 Soledad Olmos, Educadora de p\u00e1rvulos encargada de la sala de estimulaci\u00f3n del Departamento de Salud.<\/p>\n\n\n\n<p>\u201cSe hizo la actividad en el colegio El Cobre, con la presentaci\u00f3n de un cuento en sombras, el monstruo de colores. Este monstruo de colores es muy entretenido y trata las emociones con los ni\u00f1os. Esta actividad de este cuento en sombras se va a seguir realizando en diferentes colegios de nuestra comuna, para que trabajen y los ni\u00f1os est\u00e9n muy entusiasmados. Es muy entretenido y es muy din\u00e1mico para ellos\u201d, coment\u00f3 Milena Alvarado, coordinadora Programa Chile Crece Contigo.<\/p>\n","protected":false},"excerpt":{"rendered":"<p>Educaci\u00f3n sexual, salud mental, actividad f\u00edsica, salud bucal, Identidad de g\u00e9nero y alimentaci\u00f3n saludable, fueron algunas de las tem\u00e1ticas que se abordaron. En el marco de la celebraci\u00f3n del mes de la infancia, la sala de estimulaci\u00f3n del Departamento de Salud de San Esteban, junto a los programas Promoci\u00f3n de la Salud y Chile Crece &hellip;<\/p>\n","protected":false},"author":2,"featured_media":1609,"comment_status":"open","ping_status":"open","sticky":false,"template":"","format":"standard","meta":{"spay_email":""},"categories":[2],"tags":[8],"jetpack_featured_media_url":"https:\/\/lavozdesanesteban.cl\/wp-content\/uploads\/2022\/08\/PRESENTACIO\u0301N-TI\u0301TERES-SAN-ESTEBAN--scaled.jpg","_links":{"self":[{"href":"https:\/\/lavozdesanesteban.cl\/index.php\/wp-json\/wp\/v2\/posts\/1608"}],"collection":[{"href":"https:\/\/lavozdesanesteban.cl\/index.php\/wp-json\/wp\/v2\/posts"}],"about":[{"href":"https:\/\/lavozdesanesteban.cl\/index.php\/wp-json\/wp\/v2\/types\/post"}],"author":[{"embeddable":true,"href":"https:\/\/lavozdesanesteban.cl\/index.php\/wp-json\/wp\/v2\/users\/2"}],"replies":[{"embeddable":true,"href":"https:\/\/lavozdesanesteban.cl\/index.php\/wp-json\/wp\/v2\/comments?post=1608"}],"version-history":[{"count":1,"href":"https:\/\/lavozdesanesteban.cl\/index.php\/wp-json\/wp\/v2\/posts\/1608\/revisions"}],"predecessor-version":[{"id":1610,"href":"https:\/\/lavozdesanesteban.cl\/index.php\/wp-json\/wp\/v2\/posts\/1608\/revisions\/1610"}],"wp:featuredmedia":[{"embeddable":true,"href":"https:\/\/lavozdesanesteban.cl\/index.php\/wp-json\/wp\/v2\/media\/1609"}],"wp:attachment":[{"href":"https:\/\/lavozdesanesteban.cl\/index.php\/wp-json\/wp\/v2\/media?parent=1608"}],"wp:term":[{"taxonomy":"category","embeddable":true,"href":"https:\/\/lavozdesanesteban.cl\/index.php\/wp-json\/wp\/v2\/categories?post=1608"},{"taxonomy":"post_tag","embeddable":true,"href":"https:\/\/lavozdesanesteban.cl\/index.php\/wp-json\/wp\/v2\/tags?post=1608"}],"curies":[{"name":"wp","href":"https:\/\/api.w.org\/{rel}","templated":true}]}}