{"id":1712,"date":"2022-08-31T02:06:45","date_gmt":"2022-08-31T02:06:45","guid":{"rendered":"https:\/\/lavozdesanesteban.cl\/?p=1712"},"modified":"2022-08-31T02:06:48","modified_gmt":"2022-08-31T02:06:48","slug":"pdi-detuvo-autor-de-homicidio-de-adulto-mayor-en-catemu","status":"publish","type":"post","link":"https:\/\/lavozdesanesteban.cl\/index.php\/2022\/08\/31\/pdi-detuvo-autor-de-homicidio-de-adulto-mayor-en-catemu\/","title":{"rendered":"PDI DETUVO AUTOR DE HOMICIDIO DE ADULTO MAYOR EN CATEMU"},"content":{"rendered":"\n<p><\/p>\n\n\n\n<p><\/p>\n\n\n\n<p>Detectives de la Brigada de Homicidios (BH) Los Andes de la Polic\u00eda de Investigaciones de Chile, en coordinaci\u00f3n con el Ministerio P\u00fablico, detuvieron a un sujeto de 36 a\u00f1os por su responsabilidad como autor en el delito de Homicidio perpetrado en calle Garc\u00eda Huidobro, en la comuna de Catemu.<\/p>\n\n\n\n<p>Seg\u00fan informaci\u00f3n aportada por el jefe de esta unidad especializada, subprefecto Marcelo Lazen, \u201cse solicit\u00f3 la concurrencia de personal de esta BH, en virtud del hallazgo de un cad\u00e1ver de un hombre de 83 a\u00f1os, quien a la inspecci\u00f3n del cuerpo se determin\u00f3 que manten\u00eda un avanzado estado de putrefacci\u00f3n, y a su vez, ten\u00eda un v\u00ednculo tipo cord\u00f3n alrededor de su cuello, sugerente de la acci\u00f3n de terceras personas en su muerte.<\/p>\n\n\n\n<p>El trabajo de an\u00e1lisis criminal, que incluy\u00f3 diversas diligencias como entrevistas a testigos y familiares, permiti\u00f3 a la polic\u00eda civil establecer medios de prueba para determinar la din\u00e1mica de los hechos, logrando individualizar al autor del crimen, quien al ser ubicado fue trasladado hasta la PDI, donde ante el fiscal del caso confes\u00f3 su participaci\u00f3n como autor del crimen, por lo que se gestion\u00f3 la orden de detenci\u00f3n correspondiente.<\/p>\n\n\n\n<p>Los antecedentes de la investigaci\u00f3n ser\u00e1n remitidos al Ministerio P\u00fablico, mientras que el imputado ser\u00e1 puesto a disposici\u00f3n del Juzgado de Garant\u00eda de San Felipe para efectuar el control de detenci\u00f3n por el il\u00edcito investigado. &nbsp;<\/p>\n","protected":false},"excerpt":{"rendered":"<p>Detectives de la Brigada de Homicidios (BH) Los Andes de la Polic\u00eda de Investigaciones de Chile, en coordinaci\u00f3n con el Ministerio P\u00fablico, detuvieron a un sujeto de 36 a\u00f1os por su responsabilidad como autor en el delito de Homicidio perpetrado en calle Garc\u00eda Huidobro, en la comuna de Catemu. Seg\u00fan informaci\u00f3n aportada por el jefe &hellip;<\/p>\n","protected":false},"author":2,"featured_media":1713,"comment_status":"open","ping_status":"open","sticky":false,"template":"","format":"standard","meta":{"spay_email":""},"categories":[7],"tags":[8],"jetpack_featured_media_url":"https:\/\/lavozdesanesteban.cl\/wp-content\/uploads\/2022\/08\/archivo.jpg","_links":{"self":[{"href":"https:\/\/lavozdesanesteban.cl\/index.php\/wp-json\/wp\/v2\/posts\/1712"}],"collection":[{"href":"https:\/\/lavozdesanesteban.cl\/index.php\/wp-json\/wp\/v2\/posts"}],"about":[{"href":"https:\/\/lavozdesanesteban.cl\/index.php\/wp-json\/wp\/v2\/types\/post"}],"author":[{"embeddable":true,"href":"https:\/\/lavozdesanesteban.cl\/index.php\/wp-json\/wp\/v2\/users\/2"}],"replies":[{"embeddable":true,"href":"https:\/\/lavozdesanesteban.cl\/index.php\/wp-json\/wp\/v2\/comments?post=1712"}],"version-history":[{"count":1,"href":"https:\/\/lavozdesanesteban.cl\/index.php\/wp-json\/wp\/v2\/posts\/1712\/revisions"}],"predecessor-version":[{"id":1714,"href":"https:\/\/lavozdesanesteban.cl\/index.php\/wp-json\/wp\/v2\/posts\/1712\/revisions\/1714"}],"wp:featuredmedia":[{"embeddable":true,"href":"https:\/\/lavozdesanesteban.cl\/index.php\/wp-json\/wp\/v2\/media\/1713"}],"wp:attachment":[{"href":"https:\/\/lavozdesanesteban.cl\/index.php\/wp-json\/wp\/v2\/media?parent=1712"}],"wp:term":[{"taxonomy":"category","embeddable":true,"href":"https:\/\/lavozdesanesteban.cl\/index.php\/wp-json\/wp\/v2\/categories?post=1712"},{"taxonomy":"post_tag","embeddable":true,"href":"https:\/\/lavozdesanesteban.cl\/index.php\/wp-json\/wp\/v2\/tags?post=1712"}],"curies":[{"name":"wp","href":"https:\/\/api.w.org\/{rel}","templated":true}]}}