{"id":1755,"date":"2022-09-07T21:12:07","date_gmt":"2022-09-07T21:12:07","guid":{"rendered":"https:\/\/lavozdesanesteban.cl\/?p=1755"},"modified":"2022-09-07T21:12:54","modified_gmt":"2022-09-07T21:12:54","slug":"inacap-de-valparaiso-capacita-a-usuarios-de-gendarmeria","status":"publish","type":"post","link":"https:\/\/lavozdesanesteban.cl\/index.php\/2022\/09\/07\/inacap-de-valparaiso-capacita-a-usuarios-de-gendarmeria\/","title":{"rendered":"INACAP DE VALPARA\u00cdSO CAPACITA A USUARIOS DE GENDARMER\u00cdA"},"content":{"rendered":"\n<p><\/p>\n\n\n\n<p>Para el \u00faltimo trimestre se espera el inicio de las clases de panader\u00eda b\u00e1sica y un nuevo curso de soldadura.<\/p>\n\n\n\n<p><\/p>\n\n\n\n<p>Cerca de 400 personas llegan mensualmente hasta las dependencias del Centro de Apoyo para la Integraci\u00f3n Social (CAIS) de Valpara\u00edso. Cerca del &nbsp;quince por ciento de estas personas hoy se encuentra cursando alguno de los cuatro cursos de capacitaci\u00f3n que ha implementado la unidad de Gendarmer\u00eda perteneciente al subsistema post penitenciario.<\/p>\n\n\n\n<p>Las capacitaciones comenzaron durante la primera semana de agosto y se mantendr\u00e1n hasta fines del presente mes, culminando con sus respectivas certificaciones. Dos de \u00e9stos est\u00e1n siendo impartidos en la sede porte\u00f1a de Inacap. De lunes a viernes llegan hasta la casa de estudios poco m\u00e1s de 20 personas beneficiarias de los programas del CAIS para asistir a las clases de soldadura al arco o microemprendimiento.<\/p>\n\n\n\n<p>Felipe Garc\u00eda, trabajador social y encargado (s) de redes y difusi\u00f3n del CAIS, detall\u00f3 los objetivos que se buscan por medio de estas iniciativas.<\/p>\n\n\n\n<p>\u201cEstamos desarrollando dos cursos con fondos propios, fondos de Gendarmer\u00eda, cursos que fueron licitados durante el mes de mayo. Buscamos poder habilitar a nuestros usuarios y usuarias, poder ense\u00f1arles, fortalecer y desarrollar competencias socio-ocupacionales, competencias laborales, en rubros que hoy d\u00eda est\u00e1n bien cotizados en el mercado regional. La idea es que los usuarios y usuarias que asistan a estos cursos tengan la posibilidad de acceder a un trabajo remunerado en mejores condiciones de las que tienen actualmente\u201d.<\/p>\n\n\n\n<p>Garc\u00eda agreg\u00f3 que la colocaci\u00f3n laboral es una de las aristas que se trabaja para fortalecer los procesos de reinserci\u00f3n social.<\/p>\n\n\n\n<p>\u201cEn los planes de intervenci\u00f3n de nuestros usuarios, que se encuentran en proceso de eliminaci\u00f3n de antecedentes penales y aquellos que est\u00e1n cumpliendo la libertad condicional, trabajamos desde la dimensi\u00f3n criminol\u00f3gica, tratando de intervenir aquellos factores de riesgo que permitan la disminuci\u00f3n de&nbsp; los riesgos de reincidencia. Dentro de esos factores tenemos el trabajo con la familia, el trabajo, a nivel m\u00e1s personal, de identidad delictual, la consciencia del delito, utilizaci\u00f3n del tiempo libre, educaci\u00f3n, consumo de alcohol y drogas\u201d.<\/p>\n\n\n\n<p>El\u00edas Garros es uno de los doce alumnos de soldadura. A sus 23 a\u00f1os el joven se encuentra con libertad condicional.<\/p>\n\n\n\n<p>\u201cEn mi pasado tuve problemas con la justicia, ca\u00ed privado de libertad. Gracias a Dios pude salir adelante y, a trav\u00e9s de Gendarmer\u00eda, he encontrado un apoyo. Ellos me han ayudado con el tema de los estudios. Antiguamente solo pensaba en robar, en drogarme, pero mi mente pudo cambiar y encontrar un nuevo rumbo. Lo bueno es que est\u00e1 el apoyo a trav\u00e9s de Gendarmer\u00eda, hay personal que est\u00e1n dando oportunidad a los que quieran reintegrarse a la sociedad\u201d.&nbsp;<\/p>\n\n\n\n<p>Por su parte Jacqueline Cruz disfruta de las clases de microemprendimiento junto a sus once compa\u00f1eros, con quienes han logrado formar un grupo muy unido. Consultada respecto a la dificultad de retomar los estudios, la joven sostuvo que: \u201cNo se me ha hecho dif\u00edcil. He tenido que organizarme bien con mis horarios de trabajo, con el horario de llevar a mi ni\u00f1o al colegio, labores de la casa. Yo pens\u00e9 que s\u00ed, que iba a ser complicado, pero, en realidad, me equivoqu\u00e9, no es as\u00ed. Dan ganas de venir a clases. Me quiero seguir capacitando\u201d.<\/p>\n\n\n\n<p>Jacqueline Avenda\u00f1o, directora de educaci\u00f3n continua de Inacap, subray\u00f3 la importancia que la casa de estudios le da a sus alumnos.<\/p>\n\n\n\n<p>\u201cNos interesa que las personas puedan acceder a la formalizaci\u00f3n de oficios y a la educaci\u00f3n. Bajo ese escenario Inacap est\u00e1 muy activo y muy contento de poder participar en estos proyectos. Tenemos un equipo de coordinaci\u00f3n detr\u00e1s que siempre est\u00e1 muy atento a los requerimientos. Ellos (los educandos) est\u00e1n ocupando las mismas instalaciones que ocupan las carreras t\u00e9cnicas de Inacap. Somos muy exigentes con el uso de equipamientos, de implementaci\u00f3n, pensando siempre en la seguridad de los estudiantes\u201d.<\/p>\n\n\n\n<p>A estos dos cursos se suma el de manejo de gr\u00faa horquilla, el cual se ejecuta en dependencias de la Escuela de Conductores El Conquistador, y el de aseo industrial nivel intermedio. Este \u00faltimo forma parte del programa +R y se lleva a cabo en el Liceo Industrial de Valpara\u00edso..<\/p>\n\n\n\n<p>Para el \u00faltimo trimestre se espera abrir un curso de t\u00e9cnicas b\u00e1sicas de panader\u00eda y otro de soldadura al arco. Ambos corresponden al programa de Transferencia al Sector P\u00fablico llevado adelante por Sence.<a><\/a><\/p>\n","protected":false},"excerpt":{"rendered":"<p>Para el \u00faltimo trimestre se espera el inicio de las clases de panader\u00eda b\u00e1sica y un nuevo curso de soldadura. Cerca de 400 personas llegan mensualmente hasta las dependencias del Centro de Apoyo para la Integraci\u00f3n Social (CAIS) de Valpara\u00edso. Cerca del &nbsp;quince por ciento de estas personas hoy se encuentra cursando alguno de los &hellip;<\/p>\n","protected":false},"author":2,"featured_media":1756,"comment_status":"open","ping_status":"open","sticky":false,"template":"","format":"standard","meta":{"spay_email":""},"categories":[3],"tags":[8],"jetpack_featured_media_url":"https:\/\/lavozdesanesteban.cl\/wp-content\/uploads\/2022\/09\/CAPACITACION-4-scaled.jpg","_links":{"self":[{"href":"https:\/\/lavozdesanesteban.cl\/index.php\/wp-json\/wp\/v2\/posts\/1755"}],"collection":[{"href":"https:\/\/lavozdesanesteban.cl\/index.php\/wp-json\/wp\/v2\/posts"}],"about":[{"href":"https:\/\/lavozdesanesteban.cl\/index.php\/wp-json\/wp\/v2\/types\/post"}],"author":[{"embeddable":true,"href":"https:\/\/lavozdesanesteban.cl\/index.php\/wp-json\/wp\/v2\/users\/2"}],"replies":[{"embeddable":true,"href":"https:\/\/lavozdesanesteban.cl\/index.php\/wp-json\/wp\/v2\/comments?post=1755"}],"version-history":[{"count":2,"href":"https:\/\/lavozdesanesteban.cl\/index.php\/wp-json\/wp\/v2\/posts\/1755\/revisions"}],"predecessor-version":[{"id":1758,"href":"https:\/\/lavozdesanesteban.cl\/index.php\/wp-json\/wp\/v2\/posts\/1755\/revisions\/1758"}],"wp:featuredmedia":[{"embeddable":true,"href":"https:\/\/lavozdesanesteban.cl\/index.php\/wp-json\/wp\/v2\/media\/1756"}],"wp:attachment":[{"href":"https:\/\/lavozdesanesteban.cl\/index.php\/wp-json\/wp\/v2\/media?parent=1755"}],"wp:term":[{"taxonomy":"category","embeddable":true,"href":"https:\/\/lavozdesanesteban.cl\/index.php\/wp-json\/wp\/v2\/categories?post=1755"},{"taxonomy":"post_tag","embeddable":true,"href":"https:\/\/lavozdesanesteban.cl\/index.php\/wp-json\/wp\/v2\/tags?post=1755"}],"curies":[{"name":"wp","href":"https:\/\/api.w.org\/{rel}","templated":true}]}}