{"id":1762,"date":"2022-09-07T22:18:29","date_gmt":"2022-09-07T22:18:29","guid":{"rendered":"https:\/\/lavozdesanesteban.cl\/?p=1762"},"modified":"2022-09-07T22:18:30","modified_gmt":"2022-09-07T22:18:30","slug":"el-festival-del-guaton-loyola-ya-tiene-sus-artistas-confirmados","status":"publish","type":"post","link":"https:\/\/lavozdesanesteban.cl\/index.php\/2022\/09\/07\/el-festival-del-guaton-loyola-ya-tiene-sus-artistas-confirmados\/","title":{"rendered":"El Festival del Guat\u00f3n Loyola ya tiene sus artistas confirmados"},"content":{"rendered":"\n<p><\/p>\n\n\n\n<p><em>El \u00fanico festival folcl\u00f3rico de fiestas patrias se har\u00e1 el 17 y 18 de septiembre en el marco de la gran Fiesta del Guat\u00f3n Loyola, a realizarse en el Parque Urbano Ambrosio O\u2019Higgins.<\/em><\/p>\n\n\n\n<p>Vuelve el Festival del Guat\u00f3n Loyola, luego que en 2020 no se realizar\u00e1 y en 2021 se hiciera un festival reducido a p\u00fablico para favorecer a los m\u00fasicos y folkloristas que lo hab\u00edan pasado mal en pandemia. La XXI versi\u00f3n tiene varias particularidades. Se har\u00e1 con solo artistas nacionales (destacando a los artistas locales), la producci\u00f3n es municipal y se est\u00e1 avanzando en la sustentabilidad econ\u00f3mica.<\/p>\n\n\n\n<p>El anfiteatro del Parque Urbano, recibir\u00e1 el d\u00eda 17 a Bafocla, Cako Rosinelli, Mar\u00eda Jimena Pereyra, competencia folcl\u00f3rica, Chiqui Aguayo y Noche de Brujas, mientras que el 18 de septiembre se presentar\u00e1n los siguientes artistas: Bafocla, Alex Flaco Johnson, Carolina Soto, Huaso Filomeno y Sonora Palacios.<\/p>\n\n\n\n<p>El alcalde Manuel Rivera dijo que, \u201cen un momento de crisis econ\u00f3mica, la parrilla de artistas es solamente nacional y con caracter\u00edsticas de austeridad, que se financia mayoritariamente con fondos que se gestionaron (Gore y ley de donaciones) y algunos propios que vienen de la venta de entradas y el remate de pisos. Caminaremos a un festival totalmente sustentable para las pr\u00f3ximas ediciones\u201d.<\/p>\n\n\n\n<p>El jefe comunal agreg\u00f3 que \u201cya son 20 a\u00f1os (con este 21) de experiencia en la realizaci\u00f3n de festivales. &nbsp;Por lo tanto, ser\u00e1 nuevamente el festival m\u00e1s importante de la regi\u00f3n y uno de los panoramas m\u00e1s importantes a nivel nacional\u201d.<\/p>\n\n\n\n<p>Kanela, vocalista de Noche de Brujas, que se presenta el s\u00e1bado 17, agradeci\u00f3 la invitaci\u00f3n del municipio y sostuvo que \u201cfueron momentos dif\u00edciles de no tocar en vivo, pero volver a Los Andes, donde es parte de la tradici\u00f3n y estar en el guat\u00f3n Loyola es marcar bien la cancha en estas fiestas patrias para nosotros como banda es un d\u00eda para festejar\u201d.<\/p>\n\n\n\n<p>En el plano local, Alex Flaco Johnson, artista invitado dijo que esta oportunidad de mostrar su arte es significativa para nosotros como los artistas, justo coincide con material nuevo, lo que queremos resaltar el trabajo de los artistas del Aconcagua, si bien he estado otras veces, esta vez es diferente porque presentar\u00e9 mi propuesta que funciona el folclore, m\u00fasica andina y reggae\u201d.<\/p>\n\n\n\n<p>La inauguraci\u00f3n de la gran Fiesta del Guat\u00f3n Loyola ser\u00e1 el d\u00eda jueves 15 y se extender\u00e1 hasta el 19 de septiembre, la entrada ser\u00e1 gratuita para el ingreso a ramadas, fondas y food truck. Mientras que el Festival Folcl\u00f3rico del Guat\u00f3n Loyola tiene un costo, galer\u00eda $3.000 y platea $ 5.000, entradas a la venta en la tesorer\u00eda municipal, de Esmeralda 536.<\/p>\n\n\n\n<p>Sobre la competencia folcl\u00f3rica, el d\u00eda lunes se hizo la selecci\u00f3n de las seis canciones seleccionadas: \u201cYo Quiero pa mi Ni\u00f1a\u201d de Agust\u00edn Moncada, \u201cLos Cerros vienen cantando\u201d de Joaqu\u00edn Mu\u00f1oz, \u201cDominga\u201d de Orlando Guerrero y Joseling Becerra, \u201cTe miro y no me doy cuenta \u201cde Esperanza Ulloa, \u201cA V\u00edctor Jara\u201d de V\u00edctor Torres y \u201cEste Amor de Oto\u00f1o\u201d de Eduardo Castro, as\u00ed lo indic\u00f3 Camila Bustos, subdirectora de Cultura, Turismo y Patrimonio, quien agreg\u00f3 que llegaron un total de 32 propuestas.<\/p>\n","protected":false},"excerpt":{"rendered":"<p>El \u00fanico festival folcl\u00f3rico de fiestas patrias se har\u00e1 el 17 y 18 de septiembre en el marco de la gran Fiesta del Guat\u00f3n Loyola, a realizarse en el Parque Urbano Ambrosio O\u2019Higgins. Vuelve el Festival del Guat\u00f3n Loyola, luego que en 2020 no se realizar\u00e1 y en 2021 se hiciera un festival reducido a &hellip;<\/p>\n","protected":false},"author":2,"featured_media":1763,"comment_status":"open","ping_status":"open","sticky":false,"template":"","format":"standard","meta":{"spay_email":""},"categories":[7],"tags":[8],"jetpack_featured_media_url":"https:\/\/lavozdesanesteban.cl\/wp-content\/uploads\/2022\/09\/LOYOLA.jpeg","_links":{"self":[{"href":"https:\/\/lavozdesanesteban.cl\/index.php\/wp-json\/wp\/v2\/posts\/1762"}],"collection":[{"href":"https:\/\/lavozdesanesteban.cl\/index.php\/wp-json\/wp\/v2\/posts"}],"about":[{"href":"https:\/\/lavozdesanesteban.cl\/index.php\/wp-json\/wp\/v2\/types\/post"}],"author":[{"embeddable":true,"href":"https:\/\/lavozdesanesteban.cl\/index.php\/wp-json\/wp\/v2\/users\/2"}],"replies":[{"embeddable":true,"href":"https:\/\/lavozdesanesteban.cl\/index.php\/wp-json\/wp\/v2\/comments?post=1762"}],"version-history":[{"count":1,"href":"https:\/\/lavozdesanesteban.cl\/index.php\/wp-json\/wp\/v2\/posts\/1762\/revisions"}],"predecessor-version":[{"id":1764,"href":"https:\/\/lavozdesanesteban.cl\/index.php\/wp-json\/wp\/v2\/posts\/1762\/revisions\/1764"}],"wp:featuredmedia":[{"embeddable":true,"href":"https:\/\/lavozdesanesteban.cl\/index.php\/wp-json\/wp\/v2\/media\/1763"}],"wp:attachment":[{"href":"https:\/\/lavozdesanesteban.cl\/index.php\/wp-json\/wp\/v2\/media?parent=1762"}],"wp:term":[{"taxonomy":"category","embeddable":true,"href":"https:\/\/lavozdesanesteban.cl\/index.php\/wp-json\/wp\/v2\/categories?post=1762"},{"taxonomy":"post_tag","embeddable":true,"href":"https:\/\/lavozdesanesteban.cl\/index.php\/wp-json\/wp\/v2\/tags?post=1762"}],"curies":[{"name":"wp","href":"https:\/\/api.w.org\/{rel}","templated":true}]}}