{"id":1888,"date":"2022-09-29T01:08:51","date_gmt":"2022-09-29T01:08:51","guid":{"rendered":"https:\/\/lavozdesanesteban.cl\/?p=1888"},"modified":"2022-09-29T01:08:53","modified_gmt":"2022-09-29T01:08:53","slug":"san-esteban-fue-la-sede-de-celebracion-del-dia-mundial-del-turismo-en-aconcagua","status":"publish","type":"post","link":"https:\/\/lavozdesanesteban.cl\/index.php\/2022\/09\/29\/san-esteban-fue-la-sede-de-celebracion-del-dia-mundial-del-turismo-en-aconcagua\/","title":{"rendered":"San Esteban fue la sede de celebraci\u00f3n del d\u00eda mundial del turismo en Aconcagua"},"content":{"rendered":"\n<p><\/p>\n\n\n\n<ul><li>En la oportunidad, las autoridades de todo el Valle se dieron cita para distinguir a los productores y emprendedores del \u00e1rea. Adem\u00e1s, fue una instancia que permiti\u00f3 reafirmar el compromiso de continuar trabajando por hacer de ambas provincias un polo tur\u00edstico del pa\u00eds.<\/li><\/ul>\n\n\n\n<p>Con la intenci\u00f3n de relevar la importancia de trabajar de manera conjunta en pos del turismo y otras actividades econ\u00f3micas, es que la red de municipios tur\u00edsticos de la Provincia de Los Andes, realiz\u00f3 en San Esteban la celebraci\u00f3n del d\u00eda internacional del turismo de Aconcagua, ocasi\u00f3n en que los 10 municipios que componen el valle asistieron para homenajear a sus emprendedores y a comprometerse por continuar generando acciones mancomunadas que permitan situar a Aconcagua como un interesante polo tur\u00edstico del pa\u00eds.<\/p>\n\n\n\n<p>Durante la ocasi\u00f3n, que cont\u00f3 con la presencia de todos los alcaldes y alcaldesas de ambas provincia, encabezados por Christian Ortega, jefe comunal de San Esteban, se entregaron reconocimientos a emprendedores de diversos rubros ligados al turismo de cada una de las comunas el valle. Asimismo, se galardon\u00f3 a la Encargada de Turismo del municipio sanestebino, Anita Mandiola, quien fue nombrada como la mejor profesional del \u00e1rea en la regi\u00f3n por Sernatur Valpara\u00edso.<\/p>\n\n\n\n<p>El Alcalde Ortega, adem\u00e1s de agradecer la amplia participaci\u00f3n de autoridades y emprendedores del rubro, tambi\u00e9n hizo un llamado a la conciencia respecto al cuidado y protecci\u00f3n de los recursos naturales, pues, sin agua tampoco se podr\u00eda realizar turismo: \u201cEstamos muy contentos de celebrar en nuestra comuna este importante d\u00eda con tantas autoridades, que nos plantean los desaf\u00edos de continuar trabajando por potenciar este rubro. Es un d\u00eda que tambi\u00e9n nos tiene que llamar a reflexionar respecto a la necesidad de agua en Aconcagua, porque sin ella, tampoco tenemos turismo en el Valle. Por ello, tenemos que trabajar en conjunto para ir en defensa de nuestros recursos p\u00fablicos\u201d, sostuvo.<\/p>\n\n\n\n<p>Por su parte, el Delegado Presidencial, Christian Aravena, se\u00f1al\u00f3 que \u201cesta es una tremenda forma de celebraci\u00f3n. Estando todos juntos ac\u00e1, podemos trabajar juntos, caminar juntos para potenciar al Valle. Generar asociatividad es clave\u201d, sostuvo.<\/p>\n\n\n\n<p>De la misma manera, el Director Regional de Sernatur, Marcelo Vidal, agreg\u00f3 que \u201ccelebrar en conjunto en San Felipe, sobre todo con esta asociaci\u00f3n de turismo es muy importante. La idea es que podamos seguir reactivando esta industria que tanto empleo genera\u201d, dijo.<\/p>\n\n\n\n<p>En la oportunidad, tanto la Consejera Regional Edith Quiroz, quien adem\u00e1s preside la Gobernanza Tur\u00edstica de Aconcagua, y la C\u00e1mara de Turismo de San Esteban, entregaron reconocimientos a distintos emprendedores y profesionales del \u00e1rea.<\/p>\n\n\n\n<p>Cabe destacar que el D\u00eda Mundial del Turismo se celebra el 27 de septiembre de cada a\u00f1o desde 1980. La fecha marca el aniversario de la adopci\u00f3n de los Estatutos de la Organizaci\u00f3n en 1970, allanando el camino para el establecimiento de la Organizaci\u00f3n Mundial del Turismo, cinco a\u00f1os m\u00e1s tarde. La conmemoraci\u00f3n este a\u00f1o tiene como lema \u201cREPENSAR EL TURISMO\u201d, el que nos invita a replantear el crecimiento del sector, tanto en t\u00e9rminos de alcance, como de trascendencia.<\/p>\n","protected":false},"excerpt":{"rendered":"<p>En la oportunidad, las autoridades de todo el Valle se dieron cita para distinguir a los productores y emprendedores del \u00e1rea. Adem\u00e1s, fue una instancia que permiti\u00f3 reafirmar el compromiso de continuar trabajando por hacer de ambas provincias un polo tur\u00edstico del pa\u00eds. Con la intenci\u00f3n de relevar la importancia de trabajar de manera conjunta &hellip;<\/p>\n","protected":false},"author":2,"featured_media":1889,"comment_status":"open","ping_status":"open","sticky":false,"template":"","format":"standard","meta":{"spay_email":""},"categories":[2],"tags":[8],"jetpack_featured_media_url":"https:\/\/lavozdesanesteban.cl\/wp-content\/uploads\/2022\/09\/dia-del-turismo-2.jpeg","_links":{"self":[{"href":"https:\/\/lavozdesanesteban.cl\/index.php\/wp-json\/wp\/v2\/posts\/1888"}],"collection":[{"href":"https:\/\/lavozdesanesteban.cl\/index.php\/wp-json\/wp\/v2\/posts"}],"about":[{"href":"https:\/\/lavozdesanesteban.cl\/index.php\/wp-json\/wp\/v2\/types\/post"}],"author":[{"embeddable":true,"href":"https:\/\/lavozdesanesteban.cl\/index.php\/wp-json\/wp\/v2\/users\/2"}],"replies":[{"embeddable":true,"href":"https:\/\/lavozdesanesteban.cl\/index.php\/wp-json\/wp\/v2\/comments?post=1888"}],"version-history":[{"count":1,"href":"https:\/\/lavozdesanesteban.cl\/index.php\/wp-json\/wp\/v2\/posts\/1888\/revisions"}],"predecessor-version":[{"id":1890,"href":"https:\/\/lavozdesanesteban.cl\/index.php\/wp-json\/wp\/v2\/posts\/1888\/revisions\/1890"}],"wp:featuredmedia":[{"embeddable":true,"href":"https:\/\/lavozdesanesteban.cl\/index.php\/wp-json\/wp\/v2\/media\/1889"}],"wp:attachment":[{"href":"https:\/\/lavozdesanesteban.cl\/index.php\/wp-json\/wp\/v2\/media?parent=1888"}],"wp:term":[{"taxonomy":"category","embeddable":true,"href":"https:\/\/lavozdesanesteban.cl\/index.php\/wp-json\/wp\/v2\/categories?post=1888"},{"taxonomy":"post_tag","embeddable":true,"href":"https:\/\/lavozdesanesteban.cl\/index.php\/wp-json\/wp\/v2\/tags?post=1888"}],"curies":[{"name":"wp","href":"https:\/\/api.w.org\/{rel}","templated":true}]}}