{"id":1891,"date":"2022-09-29T01:13:13","date_gmt":"2022-09-29T01:13:13","guid":{"rendered":"https:\/\/lavozdesanesteban.cl\/?p=1891"},"modified":"2022-09-29T01:13:15","modified_gmt":"2022-09-29T01:13:15","slug":"balance-hidrico-de-esval-pese-a-las-lluvias-del-invierno-la-sequia-sigue-siendo-extrema","status":"publish","type":"post","link":"https:\/\/lavozdesanesteban.cl\/index.php\/2022\/09\/29\/balance-hidrico-de-esval-pese-a-las-lluvias-del-invierno-la-sequia-sigue-siendo-extrema\/","title":{"rendered":"BALANCE H\u00cdDRICO DE ESVAL: Pese a las lluvias del invierno, la sequ\u00eda sigue siendo extrema"},"content":{"rendered":"\n<p><\/p>\n\n\n\n<p>En una visita realizada al embalse Pe\u00f1uelas, de Valpara\u00edso, el gerente general de Esval, Jos\u00e9 Luis Murillo realiz\u00f3 un balance de la situaci\u00f3n h\u00eddrica de la regi\u00f3n, una vez finalizada la temporada de invierno 2022.<\/p>\n\n\n\n<p>\u201cEs importante conocer dos realidades: la primera es que, efectivamente, este a\u00f1o ha sido m\u00e1s lluvioso y podemos contemplar un espejo de agua en Pe\u00f1uelas mayor, es una excelente noticia. Pero lo segundo que es importante saber es que ese volumen es muy peque\u00f1o, a pesar de que se puede ver relativamente amplio -de unas 80 hect\u00e1reas- hay que tener en cuenta que el embalse tiene m\u00e1s de 1.700 hect\u00e1reas y que solamente tenemos 1 mill\u00f3n de metros c\u00fabicos sobre una capacidad total de 95 millones de metros c\u00fabicos. Por tanto, estamos ante una situaci\u00f3n h\u00eddrica que sigue siendo extrema, las lluvias han sido una buena noticia, pero no debemos dejarnos enga\u00f1ar por el espejo de agua que tenemos, porque es simplemente una fotograf\u00eda bonita, que nos hace tener esperanza, pero no es una soluci\u00f3n\u201d, se\u00f1al\u00f3 el ejecutivo.<\/p>\n\n\n\n<figure class=\"wp-block-gallery columns-1 is-cropped\"><ul class=\"blocks-gallery-grid\"><li class=\"blocks-gallery-item\"><figure><img loading=\"lazy\" width=\"382\" height=\"384\" src=\"https:\/\/lavozdesanesteban.cl\/wp-content\/uploads\/2022\/09\/REPORTE-HIDRICO-ESVAL-26-09.jpeg.png\" alt=\"\" data-id=\"1892\" data-full-url=\"https:\/\/lavozdesanesteban.cl\/wp-content\/uploads\/2022\/09\/REPORTE-HIDRICO-ESVAL-26-09.jpeg.png\" data-link=\"https:\/\/lavozdesanesteban.cl\/?attachment_id=1892\" class=\"wp-image-1892\" srcset=\"https:\/\/lavozdesanesteban.cl\/wp-content\/uploads\/2022\/09\/REPORTE-HIDRICO-ESVAL-26-09.jpeg.png 382w, https:\/\/lavozdesanesteban.cl\/wp-content\/uploads\/2022\/09\/REPORTE-HIDRICO-ESVAL-26-09.jpeg-298x300.png 298w, https:\/\/lavozdesanesteban.cl\/wp-content\/uploads\/2022\/09\/REPORTE-HIDRICO-ESVAL-26-09.jpeg-150x150.png 150w\" sizes=\"(max-width: 382px) 100vw, 382px\" \/><\/figure><\/li><\/ul><\/figure>\n\n\n\n<p><strong>D\u00e9ficit se mantiene<\/strong><\/p>\n\n\n\n<p>Pese a las precipitaciones del pasado invierno, todas las comunas de la Regi\u00f3n mantienen un nivel de agua ca\u00edda inferior respecto de un a\u00f1o normal a la fecha. Valpara\u00edso registra un 16% de d\u00e9ficit, mientras que San Felipe tiene un 42% menos de lluvias en relaci\u00f3n con el promedio hist\u00f3rico y San Antonio supera el 50% de d\u00e9ficit.<\/p>\n\n\n\n<p>En cuanto a la nieve acumulada en Portillo, esta alcanza los 393 mil\u00edmetros, con un 12,7% menos que en un a\u00f1o normal.<\/p>\n\n\n\n<figure class=\"wp-block-gallery columns-1 is-cropped\"><ul class=\"blocks-gallery-grid\"><li class=\"blocks-gallery-item\"><figure><img loading=\"lazy\" width=\"497\" height=\"303\" src=\"https:\/\/lavozdesanesteban.cl\/wp-content\/uploads\/2022\/09\/Penuelas-septiembre-01.jpeg\" alt=\"\" data-id=\"1894\" data-full-url=\"https:\/\/lavozdesanesteban.cl\/wp-content\/uploads\/2022\/09\/Penuelas-septiembre-01.jpeg\" data-link=\"https:\/\/lavozdesanesteban.cl\/?attachment_id=1894\" class=\"wp-image-1894\" srcset=\"https:\/\/lavozdesanesteban.cl\/wp-content\/uploads\/2022\/09\/Penuelas-septiembre-01.jpeg 497w, https:\/\/lavozdesanesteban.cl\/wp-content\/uploads\/2022\/09\/Penuelas-septiembre-01-300x183.jpeg 300w\" sizes=\"(max-width: 497px) 100vw, 497px\" \/><\/figure><\/li><\/ul><\/figure>\n\n\n\n<p>Finalmente, los embalses presentan un panorama m\u00e1s alentador. Al margen de Pe\u00f1uelas, que s\u00f3lo alcanza un 1,1% de su capacidad, Los Aromos registra un 55,8% de volumen embalsado, con m\u00e1s de 19,6 millones de m3, principalmente gracias a la recarga realizada durante el invierno a trav\u00e9s de la conducci\u00f3n reversible que impulsa agua desde la planta de Esval en Conc\u00f3n. En tanto, el tranque La Luz de Placilla supera el 72%, con cerca de 4 millones de m3 acumulados.<\/p>\n","protected":false},"excerpt":{"rendered":"<p>En una visita realizada al embalse Pe\u00f1uelas, de Valpara\u00edso, el gerente general de Esval, Jos\u00e9 Luis Murillo realiz\u00f3 un balance de la situaci\u00f3n h\u00eddrica de la regi\u00f3n, una vez finalizada la temporada de invierno 2022. \u201cEs importante conocer dos realidades: la primera es que, efectivamente, este a\u00f1o ha sido m\u00e1s lluvioso y podemos contemplar un &hellip;<\/p>\n","protected":false},"author":2,"featured_media":1893,"comment_status":"open","ping_status":"open","sticky":false,"template":"","format":"standard","meta":{"spay_email":""},"categories":[3],"tags":[8],"jetpack_featured_media_url":"https:\/\/lavozdesanesteban.cl\/wp-content\/uploads\/2022\/09\/Torre-de-Penuelas-01.jpg","_links":{"self":[{"href":"https:\/\/lavozdesanesteban.cl\/index.php\/wp-json\/wp\/v2\/posts\/1891"}],"collection":[{"href":"https:\/\/lavozdesanesteban.cl\/index.php\/wp-json\/wp\/v2\/posts"}],"about":[{"href":"https:\/\/lavozdesanesteban.cl\/index.php\/wp-json\/wp\/v2\/types\/post"}],"author":[{"embeddable":true,"href":"https:\/\/lavozdesanesteban.cl\/index.php\/wp-json\/wp\/v2\/users\/2"}],"replies":[{"embeddable":true,"href":"https:\/\/lavozdesanesteban.cl\/index.php\/wp-json\/wp\/v2\/comments?post=1891"}],"version-history":[{"count":1,"href":"https:\/\/lavozdesanesteban.cl\/index.php\/wp-json\/wp\/v2\/posts\/1891\/revisions"}],"predecessor-version":[{"id":1895,"href":"https:\/\/lavozdesanesteban.cl\/index.php\/wp-json\/wp\/v2\/posts\/1891\/revisions\/1895"}],"wp:featuredmedia":[{"embeddable":true,"href":"https:\/\/lavozdesanesteban.cl\/index.php\/wp-json\/wp\/v2\/media\/1893"}],"wp:attachment":[{"href":"https:\/\/lavozdesanesteban.cl\/index.php\/wp-json\/wp\/v2\/media?parent=1891"}],"wp:term":[{"taxonomy":"category","embeddable":true,"href":"https:\/\/lavozdesanesteban.cl\/index.php\/wp-json\/wp\/v2\/categories?post=1891"},{"taxonomy":"post_tag","embeddable":true,"href":"https:\/\/lavozdesanesteban.cl\/index.php\/wp-json\/wp\/v2\/tags?post=1891"}],"curies":[{"name":"wp","href":"https:\/\/api.w.org\/{rel}","templated":true}]}}