{"id":1896,"date":"2022-09-29T01:16:54","date_gmt":"2022-09-29T01:16:54","guid":{"rendered":"https:\/\/lavozdesanesteban.cl\/?p=1896"},"modified":"2022-09-29T01:16:55","modified_gmt":"2022-09-29T01:16:55","slug":"en-los-andes-se-instalo-el-consejo-comunal-de-organizaciones-de-la-sociedad-civil-con-una-alta-participacion","status":"publish","type":"post","link":"https:\/\/lavozdesanesteban.cl\/index.php\/2022\/09\/29\/en-los-andes-se-instalo-el-consejo-comunal-de-organizaciones-de-la-sociedad-civil-con-una-alta-participacion\/","title":{"rendered":"En Los Andes se instal\u00f3 el Consejo Comunal de Organizaciones de la Sociedad Civil con una alta participaci\u00f3n"},"content":{"rendered":"\n<p><\/p>\n\n\n\n<p><em>Por el periodo de 2022 a 2026<\/em><\/p>\n\n\n\n<p>En total 18 personas resultaron elegidas para integrar el Consejo Comunal de Organizaciones de la Sociedad Civil, Cosoc, de la comuna de Los Andes. Un \u00f3rgano consultivo cuya elecci\u00f3n se realiz\u00f3 a trav\u00e9s de votaci\u00f3n popular (informada en los medios de comunicaci\u00f3n), y sus actuales integrantes se desempe\u00f1ar\u00e1n en el cargo por cuatro a\u00f1os.<\/p>\n\n\n\n<p>El Cosoc incentiva la participaci\u00f3n de las organizaciones comunitarias, y debe ser informado por el municipio, en este caso de Los Andes, de temas de relevancia como el presupuesto comunal, proyectos de inversi\u00f3n, cuenta p\u00fablica, y ellos a su vez como representantes de la ciudadan\u00eda deben bajar la informaci\u00f3n a las comunidades.<\/p>\n\n\n\n<p>En las recientes elecciones, fueron escogidos 18 personas que integran organizaciones territoriales o juntas de vecinos, organizaciones funcionales, organizaciones de inter\u00e9s p\u00fablico, organizaciones gremiales, organizaciones sindicales y organizaciones de inter\u00e9s para el desarrollo econ\u00f3mico, social y cultural de la comuna.<\/p>\n\n\n\n<p>Gabriela Rojas, de la junta de vecinos Santa Rosa de Los Andes dijo: \u201ces importante que la comunidad se re\u00fana, y poder lograr las cosas que queremos para Los Andes, si no nos juntamos no podremos combatir la delincuencia, que no solamente es en el centro, sino en todo el sector\u201d.<\/p>\n\n\n\n<p>Yuly Barrales, de la junta de vecinos de Bocatoma, coment\u00f3 que \u201cnosotros somos los \u00faltimos pueblos de la ciudad hacia la cordillera, estamos ac\u00e1 para acercar el camino internacional a la ciudad\u201d.<\/p>\n\n\n\n<p>Por su parte Manuel Rivera, alcalde de Los Andes y presidente del Cosoc, sostuvo que \u201cprimero que todo, debemos agradecer y felicitar a quienes tuvieron la voluntad de participar, puesto que no en todas las comunas los Cosoc est\u00e1n constituidos debido a la falta de participaci\u00f3n de l\u00edderes que representan a las organizaciones. Ac\u00e1 no se toman decisiones, pero si se traduce en conocer las opiniones de vecinos y vecinos para temas espec\u00edficos\u201d.<\/p>\n\n\n\n<p>De acuerdo a la ley, el Consejo de la Sociedad Civil es un mecanismo consultivo y aut\u00f3nomo creado a partir de la Ley 20.500, sobre las asociaciones y participaci\u00f3n ciudadana en la gesti\u00f3n p\u00fablica, que permite la creaci\u00f3n de los Consejos Comunales de la Sociedad Civil, los cuales tienen un car\u00e1cter consultivo y pueden apoyar el cumplir con el objetivo de incidir en el dise\u00f1o, ejecuci\u00f3n y evaluaci\u00f3n de las pol\u00edticas p\u00fablicas comunales, sectoriales y en la propia gesti\u00f3n del municipio.<\/p>\n","protected":false},"excerpt":{"rendered":"<p>Por el periodo de 2022 a 2026 En total 18 personas resultaron elegidas para integrar el Consejo Comunal de Organizaciones de la Sociedad Civil, Cosoc, de la comuna de Los Andes. Un \u00f3rgano consultivo cuya elecci\u00f3n se realiz\u00f3 a trav\u00e9s de votaci\u00f3n popular (informada en los medios de comunicaci\u00f3n), y sus actuales integrantes se desempe\u00f1ar\u00e1n &hellip;<\/p>\n","protected":false},"author":2,"featured_media":1897,"comment_status":"open","ping_status":"open","sticky":false,"template":"","format":"standard","meta":{"spay_email":""},"categories":[7],"tags":[8],"jetpack_featured_media_url":"https:\/\/lavozdesanesteban.cl\/wp-content\/uploads\/2022\/09\/COSAC.jpeg","_links":{"self":[{"href":"https:\/\/lavozdesanesteban.cl\/index.php\/wp-json\/wp\/v2\/posts\/1896"}],"collection":[{"href":"https:\/\/lavozdesanesteban.cl\/index.php\/wp-json\/wp\/v2\/posts"}],"about":[{"href":"https:\/\/lavozdesanesteban.cl\/index.php\/wp-json\/wp\/v2\/types\/post"}],"author":[{"embeddable":true,"href":"https:\/\/lavozdesanesteban.cl\/index.php\/wp-json\/wp\/v2\/users\/2"}],"replies":[{"embeddable":true,"href":"https:\/\/lavozdesanesteban.cl\/index.php\/wp-json\/wp\/v2\/comments?post=1896"}],"version-history":[{"count":1,"href":"https:\/\/lavozdesanesteban.cl\/index.php\/wp-json\/wp\/v2\/posts\/1896\/revisions"}],"predecessor-version":[{"id":1898,"href":"https:\/\/lavozdesanesteban.cl\/index.php\/wp-json\/wp\/v2\/posts\/1896\/revisions\/1898"}],"wp:featuredmedia":[{"embeddable":true,"href":"https:\/\/lavozdesanesteban.cl\/index.php\/wp-json\/wp\/v2\/media\/1897"}],"wp:attachment":[{"href":"https:\/\/lavozdesanesteban.cl\/index.php\/wp-json\/wp\/v2\/media?parent=1896"}],"wp:term":[{"taxonomy":"category","embeddable":true,"href":"https:\/\/lavozdesanesteban.cl\/index.php\/wp-json\/wp\/v2\/categories?post=1896"},{"taxonomy":"post_tag","embeddable":true,"href":"https:\/\/lavozdesanesteban.cl\/index.php\/wp-json\/wp\/v2\/tags?post=1896"}],"curies":[{"name":"wp","href":"https:\/\/api.w.org\/{rel}","templated":true}]}}