{"id":1899,"date":"2022-09-29T01:20:48","date_gmt":"2022-09-29T01:20:48","guid":{"rendered":"https:\/\/lavozdesanesteban.cl\/?p=1899"},"modified":"2022-09-29T01:20:49","modified_gmt":"2022-09-29T01:20:49","slug":"por-unanimidad-concejo-municipal-aprueba-proyecto-de-actualizacion-de-plan-regulador-comunal","status":"publish","type":"post","link":"https:\/\/lavozdesanesteban.cl\/index.php\/2022\/09\/29\/por-unanimidad-concejo-municipal-aprueba-proyecto-de-actualizacion-de-plan-regulador-comunal\/","title":{"rendered":"Por unanimidad Concejo Municipal aprueba Proyecto de Actualizaci\u00f3n de Plan Regulador Comunal"},"content":{"rendered":"\n<p><\/p>\n\n\n\n<p><strong>Alcaldesa Carmen Castillo Taucher destac\u00f3 el paso que se da en modernizar el actual instrumento de planificaci\u00f3n territorial que data del a\u00f1o 1998. Tras la aprobaci\u00f3n edilicia debe pasar por diversos tr\u00e1mites legales y administrativos a nivel regional, sin embargo, se espera que pueda entrar en vigencia dentro de los pr\u00f3ximos 12 meses.<\/strong><\/p>\n\n\n\n<p>Este martes, el Concejo Municipal de San Felipe, aprob\u00f3 por unanimidad el Proyecto de Actualizaci\u00f3n del Plan Regulador Comunal, instrumento de planificaci\u00f3n territorial que permite, entre varios \u00edtemes, definir el desarrollo urbano de las comunas y que en el caso de San Felipe, se encuentra vigente desde el a\u00f1o 1998, privando a la ciudad de un crecimiento acorde al aumento de la poblaci\u00f3n.<\/p>\n\n\n\n<p>Tras la aprobaci\u00f3n edilicia, el nuevo Plan Regulador Comunal a\u00fan debe sortear otros pasos administrativos a nivel regional, como son: la revisi\u00f3n normativa y legal de la Serem\u00eda de Vivienda y Urbanismo, la sanci\u00f3n del Gobierno Regional y la posterior revisi\u00f3n de Contralor\u00eda, proceso que podr\u00eda demorar unos 12 meses.<\/p>\n\n\n\n<p>Aunque la puesta en vigencia de \u00e9ste no sea inmediata, la aprobaci\u00f3n de la nueva carta de navegaci\u00f3n urbana de la comuna fue recibida con mucha emoci\u00f3n tanto por los integrantes del Concejo, como por los asistentes a esta sesi\u00f3n, entre quienes se encontraban algunos miembros del Comit\u00e9 Habitacional San Antonio de Almendral, integrado por 19 familias, quienes esperaban desde el a\u00f1o 2017 la ampliaci\u00f3n de la zona urbana de la ciudad, para desarrollar su proyecto habitacional en el sector de Almendral Alto.<\/p>\n\n\n\n<p><a><\/a>As\u00ed lo cont\u00f3 la presidenta del Comit\u00e9, Paola Valdivia quien se mostr\u00f3 muy emocionada con la noticia, manifestando que <strong>\u201chemos esperado por muchos a\u00f1os, muchas veces nos dijeron que se iba a aprobar, pero est\u00e1bamos incr\u00e9dulos de tanta cosa, hemos pasado por muchas cosas y la verdad es que hoy ha sido un notici\u00f3n. Nosotros compramos este terreno hace muchos a\u00f1os atr\u00e1s y por el Plan Regulador no hemos podido optar a subsidios ni a nada, estamos estancados, sabemos que a\u00fan nos queda por esperar, pero sabemos que podremos avanzar, estamos s\u00faper felices de poder informarle esto a nuestros compa\u00f1eros\u201d.<\/strong><\/p>\n\n\n\n<p>La emoci\u00f3n fue compartida por la Alcaldesa de San Felipe, Carmen Castillo Taucher, quien valor\u00f3 el trabajo realizado desde la Secretar\u00eda de Planificaci\u00f3n Comunal del municipio, adem\u00e1s de considerarlo un paso fundamental para el desarrollo de la ciudad.<\/p>\n\n\n\n<p><strong>\u201cUn momento muy importante para nuestra comuna, el Plan Regulador vigente tiene muchos a\u00f1os de desarrollo, as\u00ed que necesit\u00e1bamos modernizarnos, este nuevo instrumento nos dar\u00e1 mejores oportunidades para mejorar nuestra comuna y que va a significar mejor calidad de vida para nuestras vecinas y vecinos, ha sido un trabajo muy responsable y serio, debo agradecer a los concejales que dieron el visto bueno a este trabajo y que pronto veremos los efectos para hacer de San Felipe el Orgullo de Aconcagua\u201d<\/strong>, determin\u00f3 la jefa comunal.<\/p>\n\n\n\n<p>El concejal Basilio Muena, presidente de la Comisi\u00f3n de Desarrollo Urbano del Concejo Municipal, agreg\u00f3 que <strong>\u201clogramos dar respuesta a las observaciones ciudadanas que se hab\u00edan implementado por parte de la comunidad, logramos destrabar este proceso que llevaba muchos a\u00f1os entrampado y detenido, ahora vienen otras etapas en otros estamentos, pero obviamente poder actualizar avanzar en esta materia, era algo muy esperado por muchas comunidades y tambi\u00e9n logramos establecer el compromiso que en el damero fundacional, una vez aprobado y sancionado el Plan Regulador, se pueda a futuro implementar un seccional, pero estamos contentos porque adem\u00e1s vemos que muchos Comit\u00e9s Habitacionales ven esto con mucha esperanza\u201d.<\/strong><\/p>\n","protected":false},"excerpt":{"rendered":"<p>Alcaldesa Carmen Castillo Taucher destac\u00f3 el paso que se da en modernizar el actual instrumento de planificaci\u00f3n territorial que data del a\u00f1o 1998. Tras la aprobaci\u00f3n edilicia debe pasar por diversos tr\u00e1mites legales y administrativos a nivel regional, sin embargo, se espera que pueda entrar en vigencia dentro de los pr\u00f3ximos 12 meses. Este martes, &hellip;<\/p>\n","protected":false},"author":2,"featured_media":1900,"comment_status":"open","ping_status":"open","sticky":false,"template":"","format":"standard","meta":{"spay_email":""},"categories":[7],"tags":[8],"jetpack_featured_media_url":"https:\/\/lavozdesanesteban.cl\/wp-content\/uploads\/2022\/09\/p-regulsdor.jpeg","_links":{"self":[{"href":"https:\/\/lavozdesanesteban.cl\/index.php\/wp-json\/wp\/v2\/posts\/1899"}],"collection":[{"href":"https:\/\/lavozdesanesteban.cl\/index.php\/wp-json\/wp\/v2\/posts"}],"about":[{"href":"https:\/\/lavozdesanesteban.cl\/index.php\/wp-json\/wp\/v2\/types\/post"}],"author":[{"embeddable":true,"href":"https:\/\/lavozdesanesteban.cl\/index.php\/wp-json\/wp\/v2\/users\/2"}],"replies":[{"embeddable":true,"href":"https:\/\/lavozdesanesteban.cl\/index.php\/wp-json\/wp\/v2\/comments?post=1899"}],"version-history":[{"count":1,"href":"https:\/\/lavozdesanesteban.cl\/index.php\/wp-json\/wp\/v2\/posts\/1899\/revisions"}],"predecessor-version":[{"id":1901,"href":"https:\/\/lavozdesanesteban.cl\/index.php\/wp-json\/wp\/v2\/posts\/1899\/revisions\/1901"}],"wp:featuredmedia":[{"embeddable":true,"href":"https:\/\/lavozdesanesteban.cl\/index.php\/wp-json\/wp\/v2\/media\/1900"}],"wp:attachment":[{"href":"https:\/\/lavozdesanesteban.cl\/index.php\/wp-json\/wp\/v2\/media?parent=1899"}],"wp:term":[{"taxonomy":"category","embeddable":true,"href":"https:\/\/lavozdesanesteban.cl\/index.php\/wp-json\/wp\/v2\/categories?post=1899"},{"taxonomy":"post_tag","embeddable":true,"href":"https:\/\/lavozdesanesteban.cl\/index.php\/wp-json\/wp\/v2\/tags?post=1899"}],"curies":[{"name":"wp","href":"https:\/\/api.w.org\/{rel}","templated":true}]}}