{"id":1905,"date":"2022-09-29T01:29:24","date_gmt":"2022-09-29T01:29:24","guid":{"rendered":"https:\/\/lavozdesanesteban.cl\/?p=1905"},"modified":"2022-09-29T01:29:25","modified_gmt":"2022-09-29T01:29:25","slug":"seguridad-publica-de-los-andes-motiva-la-prevencion-a-traves-de-la-musica","status":"publish","type":"post","link":"https:\/\/lavozdesanesteban.cl\/index.php\/2022\/09\/29\/seguridad-publica-de-los-andes-motiva-la-prevencion-a-traves-de-la-musica\/","title":{"rendered":"Seguridad P\u00fablica de Los Andes motiva la prevenci\u00f3n a trav\u00e9s de la m\u00fasica"},"content":{"rendered":"\n<p><\/p>\n\n\n\n<p><em>Un interesante taller de m\u00fasica en el tradicional barrio de Los Copihues se realiza desde marzo por parte de Senda Previene, de la direcci\u00f3n de Seguridad P\u00fablica.<\/em><\/p>\n\n\n\n<p>Fomentar con m\u00fasica una vida sin alcohol ni drogas, es uno de los principales objetivos del programa SENDA Previene en su intervenci\u00f3n en Villa Los Copihues. Por esta raz\u00f3n, desde marzo se est\u00e1 desarrollando un taller de iniciaci\u00f3n a la m\u00fasica en la sede vecinal, donde los participantes pueden aprender a tocar instrumentos b\u00e1sicos como la guitarra, la bater\u00eda y el piano.<\/p>\n\n\n\n<p>La iniciativa que tiene por prop\u00f3sito promover factores protectores y la prevenci\u00f3n del consumo de drogas y alcohol, y si bien est\u00e1 orientada principalmente a ni\u00f1os y j\u00f3venes, puede participar personas de cualquier edad.<\/p>\n\n\n\n<p>En ese sentido, el coordinador de Seguridad P\u00fablica, de la Municipalidad de Los Andes, Jaime \u00c1lvarez se\u00f1al\u00f3: \u201cEste taller de m\u00fasica es uno de varios que estamos realizando en conjunto con SENDA Previene en distintos sectores de la comuna y se enmarca en nuestra pol\u00edtica de prevenci\u00f3n, donde lo que buscamos es que nuestros ni\u00f1os y j\u00f3venes cuenten con actividades diversas para que se pueda distraer y as\u00ed no entrar en conductas no apropiadas\u201d.<\/p>\n\n\n\n<p>Por su parte el tallerista de m\u00fasica, Sebasti\u00e1n Gordon, coment\u00f3 que \u201cse trata de iniciaci\u00f3n en la m\u00fasica, orientado para j\u00f3venes que no tienen ning\u00fan contacto con la m\u00fasica, y as\u00ed comiencen desde cero a conocer los instrumentos b\u00e1sicos y puedan paulatinamente poder tocar de buena manera los instrumentos, es por eso que no los apuramos y vamos viendo c\u00f3mo van avanzando de acuerdo a sus posibilidades\u201d.<\/p>\n\n\n\n<p>Mart\u00edn Ortega, participante del taller y vecino de Los Copihues, quien asiste constantemente a la sede vecinal a clases dijo \u201cque poco a poco ha ido aprendiendo la bater\u00eda. Yo estoy desde principios de a\u00f1o, y me parece s\u00faper bien, ya que podamos venir a hacer m\u00fasica y as\u00ed vamos conociendo los instrumentos como la guitara, la bater\u00eda, el piano y as\u00ed pasar un buen momento aprendiendo, ojal\u00e1 m\u00e1s ni\u00f1os puedan participar ya que es un buen lugar y gratuito\u201d.<\/p>\n\n\n\n<p>El programa SENDA Previene est\u00e1 desarrollando una serie de talleres en distintos barrios de la comuna, entre los que se cuentan las tem\u00e1ticas de m\u00fasica, deportes, comics entre otros.<\/p>\n","protected":false},"excerpt":{"rendered":"<p>Un interesante taller de m\u00fasica en el tradicional barrio de Los Copihues se realiza desde marzo por parte de Senda Previene, de la direcci\u00f3n de Seguridad P\u00fablica. Fomentar con m\u00fasica una vida sin alcohol ni drogas, es uno de los principales objetivos del programa SENDA Previene en su intervenci\u00f3n en Villa Los Copihues. Por esta &hellip;<\/p>\n","protected":false},"author":2,"featured_media":1906,"comment_status":"open","ping_status":"open","sticky":false,"template":"","format":"standard","meta":{"spay_email":""},"categories":[7],"tags":[8],"jetpack_featured_media_url":"https:\/\/lavozdesanesteban.cl\/wp-content\/uploads\/2022\/09\/T-MUSICA-1.jpg","_links":{"self":[{"href":"https:\/\/lavozdesanesteban.cl\/index.php\/wp-json\/wp\/v2\/posts\/1905"}],"collection":[{"href":"https:\/\/lavozdesanesteban.cl\/index.php\/wp-json\/wp\/v2\/posts"}],"about":[{"href":"https:\/\/lavozdesanesteban.cl\/index.php\/wp-json\/wp\/v2\/types\/post"}],"author":[{"embeddable":true,"href":"https:\/\/lavozdesanesteban.cl\/index.php\/wp-json\/wp\/v2\/users\/2"}],"replies":[{"embeddable":true,"href":"https:\/\/lavozdesanesteban.cl\/index.php\/wp-json\/wp\/v2\/comments?post=1905"}],"version-history":[{"count":1,"href":"https:\/\/lavozdesanesteban.cl\/index.php\/wp-json\/wp\/v2\/posts\/1905\/revisions"}],"predecessor-version":[{"id":1907,"href":"https:\/\/lavozdesanesteban.cl\/index.php\/wp-json\/wp\/v2\/posts\/1905\/revisions\/1907"}],"wp:featuredmedia":[{"embeddable":true,"href":"https:\/\/lavozdesanesteban.cl\/index.php\/wp-json\/wp\/v2\/media\/1906"}],"wp:attachment":[{"href":"https:\/\/lavozdesanesteban.cl\/index.php\/wp-json\/wp\/v2\/media?parent=1905"}],"wp:term":[{"taxonomy":"category","embeddable":true,"href":"https:\/\/lavozdesanesteban.cl\/index.php\/wp-json\/wp\/v2\/categories?post=1905"},{"taxonomy":"post_tag","embeddable":true,"href":"https:\/\/lavozdesanesteban.cl\/index.php\/wp-json\/wp\/v2\/tags?post=1905"}],"curies":[{"name":"wp","href":"https:\/\/api.w.org\/{rel}","templated":true}]}}