{"id":1959,"date":"2022-10-06T01:44:32","date_gmt":"2022-10-06T01:44:32","guid":{"rendered":"https:\/\/lavozdesanesteban.cl\/?p=1959"},"modified":"2022-10-06T01:44:34","modified_gmt":"2022-10-06T01:44:34","slug":"todo-un-exito-resultaron-los-dos-concursos-de-bandas-de-guerra-escolares-de-san-esteban","status":"publish","type":"post","link":"https:\/\/lavozdesanesteban.cl\/index.php\/2022\/10\/06\/todo-un-exito-resultaron-los-dos-concursos-de-bandas-de-guerra-escolares-de-san-esteban\/","title":{"rendered":"Todo un \u00e9xito resultaron los dos concursos de Bandas de Guerra Escolares de San Esteban"},"content":{"rendered":"\n<p><\/p>\n\n\n\n<ul><li>Cerca de 700 escolares de distintos puntos del Valle y de la regi\u00f3n se dieron cita a la doble jornada de competiciones que se desarrollaron en la comuna. La instancia tuvo como prop\u00f3sito exhibir el trabajo y la constancia de las ni\u00f1as y ni\u00f1os.<\/li><\/ul>\n\n\n\n<p>Durante los d\u00edas viernes y s\u00e1bado, se llevaron a cabo dos exitosas competiciones de Bandas de Guerra Escolares en la comuna de San Esteban, en las que participaron 11 agrupaciones provenientes de diversos puntos de la provincia y del pa\u00eds.<\/p>\n\n\n\n<p>Las jornadas, enmarcados en el 6\u00b0 aniversario de la Banda Escolar de San Esteban, se desarrollaron en las canchas de Las Bandurrias y en el Estadio Municipal de San Esteban. La asistencia estuvo encabezada por el alcalde Christian Ortega, concejales y la directora del Departamento DAEM, Jocelyn Herrera, quienes hicieron entrega de los premios a las bandas ganadoras.<\/p>\n\n\n\n<p>Las Bandas que participaron de esta versi\u00f3n del concurso fueron: Banda Escolar de San Esteban; Escuela B\u00e1sica Libertad de San Esteban; Liceo Mixto de Los Andes; Liceo Mixto de San Felipe; Liceo Polivalente Fernando Silva Castell\u00f3n de Catemu; Liceo Bicentenario Mary Graham de Villa Alemana; Escolar de Rengo; Colegio Alonso de Ercilla de San Felipe; Escolar de Panquehue; Colegio Marie Poussepin de Putaendo y el Liceo Dar\u00edo Salas de Santa Mar\u00eda.<\/p>\n\n\n\n<p>En ese sentido, la Directora del Departamento de Educaci\u00f3n Municipal (DAEM) de San Esteban, se refiri\u00f3 positivamente a la doble jornada de actividades, se\u00f1alando \u201cHemos finalizado de manera exitosa esta doble jornadas de encuentros nacionales de bandas escolares, en donde el coordinador y auspiciador fue nuestra comuna de San Esteban, en conjunto con nuestra banda escolar comunal. Estamos muy contentos, muy orgullosos de presenciar todas las habilidades y capacidades con respecto a la m\u00fasica que los estudiantes de distintas partes de nuestro pa\u00eds realizaron en estas canchas\u201d, destac\u00f3.<\/p>\n\n\n\n<p>Por su parte, el instructor de la Banda Escolar de San Esteban, Andr\u00e9s Aguilera, valor\u00f3 la alta convocatoria de la actividad: \u201cSe vivieron intensas jornadas donde hubo una gran participaci\u00f3n, tanto de las bandas como las barras de apoderados. Los chicos y chicas estaban felices, ya que como sabemos producto de la pandemia, no se pudo llevar a cabo, brindando un retorno masivo de estudiantes que aman las bandas escolares\u201d, afirm\u00f3.<\/p>\n\n\n\n<p>\u201cEstamos felices por terminar exitosamente esta doble jornada aqu\u00ed en la comuna de San Esteban, celebrando tambi\u00e9n el sexto aniversario de la Banda Escolar de San Esteban, as\u00ed que agradecemos a todos quienes hicieron posible esto, con bandas de todo el valle del Aconcagua, de Villa Alemana y de Rengo, as\u00ed que esperamos contar con ellos en pr\u00f3ximas versiones\u201d, finaliz\u00f3 el encargado.<\/p>\n","protected":false},"excerpt":{"rendered":"<p>Cerca de 700 escolares de distintos puntos del Valle y de la regi\u00f3n se dieron cita a la doble jornada de competiciones que se desarrollaron en la comuna. La instancia tuvo como prop\u00f3sito exhibir el trabajo y la constancia de las ni\u00f1as y ni\u00f1os. Durante los d\u00edas viernes y s\u00e1bado, se llevaron a cabo dos &hellip;<\/p>\n","protected":false},"author":2,"featured_media":1960,"comment_status":"open","ping_status":"open","sticky":false,"template":"","format":"standard","meta":{"spay_email":""},"categories":[2],"tags":[8],"jetpack_featured_media_url":"https:\/\/lavozdesanesteban.cl\/wp-content\/uploads\/2022\/10\/concurso-bandas3.jpeg","_links":{"self":[{"href":"https:\/\/lavozdesanesteban.cl\/index.php\/wp-json\/wp\/v2\/posts\/1959"}],"collection":[{"href":"https:\/\/lavozdesanesteban.cl\/index.php\/wp-json\/wp\/v2\/posts"}],"about":[{"href":"https:\/\/lavozdesanesteban.cl\/index.php\/wp-json\/wp\/v2\/types\/post"}],"author":[{"embeddable":true,"href":"https:\/\/lavozdesanesteban.cl\/index.php\/wp-json\/wp\/v2\/users\/2"}],"replies":[{"embeddable":true,"href":"https:\/\/lavozdesanesteban.cl\/index.php\/wp-json\/wp\/v2\/comments?post=1959"}],"version-history":[{"count":1,"href":"https:\/\/lavozdesanesteban.cl\/index.php\/wp-json\/wp\/v2\/posts\/1959\/revisions"}],"predecessor-version":[{"id":1961,"href":"https:\/\/lavozdesanesteban.cl\/index.php\/wp-json\/wp\/v2\/posts\/1959\/revisions\/1961"}],"wp:featuredmedia":[{"embeddable":true,"href":"https:\/\/lavozdesanesteban.cl\/index.php\/wp-json\/wp\/v2\/media\/1960"}],"wp:attachment":[{"href":"https:\/\/lavozdesanesteban.cl\/index.php\/wp-json\/wp\/v2\/media?parent=1959"}],"wp:term":[{"taxonomy":"category","embeddable":true,"href":"https:\/\/lavozdesanesteban.cl\/index.php\/wp-json\/wp\/v2\/categories?post=1959"},{"taxonomy":"post_tag","embeddable":true,"href":"https:\/\/lavozdesanesteban.cl\/index.php\/wp-json\/wp\/v2\/tags?post=1959"}],"curies":[{"name":"wp","href":"https:\/\/api.w.org\/{rel}","templated":true}]}}