{"id":1962,"date":"2022-10-06T01:50:41","date_gmt":"2022-10-06T01:50:41","guid":{"rendered":"https:\/\/lavozdesanesteban.cl\/?p=1962"},"modified":"2022-10-06T01:50:43","modified_gmt":"2022-10-06T01:50:43","slug":"escuelas-de-san-esteban-iniciaron-las-celebraciones-del-mes-de-la-ciencia-presenciando-una-entretenida-obra-teatral-sobre-animales-autoctonos","status":"publish","type":"post","link":"https:\/\/lavozdesanesteban.cl\/index.php\/2022\/10\/06\/escuelas-de-san-esteban-iniciaron-las-celebraciones-del-mes-de-la-ciencia-presenciando-una-entretenida-obra-teatral-sobre-animales-autoctonos\/","title":{"rendered":"Escuelas de San Esteban iniciaron las celebraciones del mes de la ciencia presenciando una entretenida obra teatral sobre animales aut\u00f3ctonos"},"content":{"rendered":"\n<p><\/p>\n\n\n\n<ul><li>\u201cShow de la Yaca en el Bosque\u201d es el nombre de la presentaci\u00f3n online que se realiz\u00f3 gracias a la red explora Valpara\u00edso, y que permiti\u00f3 relevar a una especie que habitan nuestra regi\u00f3n.<\/li><\/ul>\n\n\n\n<p>Durante la ma\u00f1ana de este martes, en el marco de la semana de la ciencia, varios establecimientos educacionales de San Esteban presenciaron la obra en l\u00ednea \u201cShow de la Yaca\u201d de la Red Explora Valpara\u00edso, la cual se enfoc\u00f3 en darle realice a la imagen del marsupial chileno Yaca (Thylamys elegans), detallando sus caracter\u00edsticas f\u00edsicas, sus comportamientos, sus amenazas y su importante rol en el planeta.<\/p>\n\n\n\n<p>En ese sentido, la encargada comunal de la red de Ciencias de San Esteban, Elsa Ojeda se\u00f1al\u00f3 que: \u201cHoy se da inicio a la celebraci\u00f3n de la semana de la ciencia a nivel nacional, esto auspiciado por Explora CONICYT. Dimos el inicio con el festival de la yaca. Esto se desarrollo v\u00eda Zoom para ni\u00f1os de preb\u00e1sica hasta cuarto b\u00e1sico\u201d, sostuvo.<\/p>\n\n\n\n<p>Para la Red Explora CONICYT, el foco cient\u00edfico de este a\u00f1o es el agua en un contexto de cambio clim\u00e1tico, por lo que el programa est\u00e1 asociado a los ejes tem\u00e1ticos: resiliencia, patrimonio h\u00eddrico, cada gota cuenta y regeneraci\u00f3n. Elementos que son compartidos por la actual administraci\u00f3n municipal, respecto al cuidado medio ambiental.<\/p>\n\n\n\n<p>La profesional continu\u00f3 detallando que \u201cEl show de la yaca se bas\u00f3 netamente en la presentaci\u00f3n de este animal, el cual es end\u00e9mico de nuestra V regi\u00f3n. &nbsp;&nbsp;&nbsp;&nbsp;&nbsp;&nbsp;&nbsp;&nbsp;&nbsp; Por ello, es importante entregar este tipo de informaciones a nuestros alumnos, que tienen por objetivo el promover la flora y fauna. Los ni\u00f1os participaron super entusiasmados, junto con ellos recibieron material para conocer sobre este animalito\u201d, manifest\u00f3.<\/p>\n\n\n\n<p>Para finalizar, la profesional agreg\u00f3 que las celebraciones del mes de la ciencia culminar\u00e1n en un evento masivo nombrado \u201cFestividad de las Ciencias y Tecnolog\u00eda San Esteban\u201d el que se desarrollar\u00e1 este viernes, en la plaza de armas, a partir de las 09.30 horas.<strong><\/strong><\/p>\n","protected":false},"excerpt":{"rendered":"<p>\u201cShow de la Yaca en el Bosque\u201d es el nombre de la presentaci\u00f3n online que se realiz\u00f3 gracias a la red explora Valpara\u00edso, y que permiti\u00f3 relevar a una especie que habitan nuestra regi\u00f3n. Durante la ma\u00f1ana de este martes, en el marco de la semana de la ciencia, varios establecimientos educacionales de San Esteban &hellip;<\/p>\n","protected":false},"author":2,"featured_media":1963,"comment_status":"open","ping_status":"open","sticky":false,"template":"","format":"standard","meta":{"spay_email":""},"categories":[2],"tags":[8],"jetpack_featured_media_url":"https:\/\/lavozdesanesteban.cl\/wp-content\/uploads\/2022\/10\/SHOW-DE-LA-YACA-2.jpeg","_links":{"self":[{"href":"https:\/\/lavozdesanesteban.cl\/index.php\/wp-json\/wp\/v2\/posts\/1962"}],"collection":[{"href":"https:\/\/lavozdesanesteban.cl\/index.php\/wp-json\/wp\/v2\/posts"}],"about":[{"href":"https:\/\/lavozdesanesteban.cl\/index.php\/wp-json\/wp\/v2\/types\/post"}],"author":[{"embeddable":true,"href":"https:\/\/lavozdesanesteban.cl\/index.php\/wp-json\/wp\/v2\/users\/2"}],"replies":[{"embeddable":true,"href":"https:\/\/lavozdesanesteban.cl\/index.php\/wp-json\/wp\/v2\/comments?post=1962"}],"version-history":[{"count":1,"href":"https:\/\/lavozdesanesteban.cl\/index.php\/wp-json\/wp\/v2\/posts\/1962\/revisions"}],"predecessor-version":[{"id":1964,"href":"https:\/\/lavozdesanesteban.cl\/index.php\/wp-json\/wp\/v2\/posts\/1962\/revisions\/1964"}],"wp:featuredmedia":[{"embeddable":true,"href":"https:\/\/lavozdesanesteban.cl\/index.php\/wp-json\/wp\/v2\/media\/1963"}],"wp:attachment":[{"href":"https:\/\/lavozdesanesteban.cl\/index.php\/wp-json\/wp\/v2\/media?parent=1962"}],"wp:term":[{"taxonomy":"category","embeddable":true,"href":"https:\/\/lavozdesanesteban.cl\/index.php\/wp-json\/wp\/v2\/categories?post=1962"},{"taxonomy":"post_tag","embeddable":true,"href":"https:\/\/lavozdesanesteban.cl\/index.php\/wp-json\/wp\/v2\/tags?post=1962"}],"curies":[{"name":"wp","href":"https:\/\/api.w.org\/{rel}","templated":true}]}}