{"id":2135,"date":"2022-11-09T03:55:16","date_gmt":"2022-11-09T03:55:16","guid":{"rendered":"https:\/\/lavozdesanesteban.cl\/?p=2135"},"modified":"2022-11-09T03:55:17","modified_gmt":"2022-11-09T03:55:17","slug":"declaracion-publica-de-alcalde-ortega-respecto-a-determinacion-de-dga-que-obliga-a-primera-seccion-entregar-caudal-de-11-m3-s-a-la-segunda-seccion-del-rio-aconcagua","status":"publish","type":"post","link":"https:\/\/lavozdesanesteban.cl\/index.php\/2022\/11\/09\/declaracion-publica-de-alcalde-ortega-respecto-a-determinacion-de-dga-que-obliga-a-primera-seccion-entregar-caudal-de-11-m3-s-a-la-segunda-seccion-del-rio-aconcagua\/","title":{"rendered":"Declaraci\u00f3n p\u00fablica de Alcalde Ortega respecto a determinaci\u00f3n de DGA que obliga a primera secci\u00f3n entregar caudal de 11 m3\/s a la segunda secci\u00f3n del R\u00edo Aconcagua"},"content":{"rendered":"\n<p><\/p>\n\n\n\n<p>Desde hace al menos una d\u00e9cada la realidad h\u00eddrica en Aconcagua es catastr\u00f3fica. Con espanto, los habitantes del valle hemos visto el avance de la desertificaci\u00f3n y la sequ\u00eda sin que ning\u00fan gobierno ni autoridad estatal le haya puesto un atajo.<\/p>\n\n\n\n<p>Precisamente, y en respuesta a esta situaci\u00f3n, es que en junio pasado, junto con el mundo agr\u00edcola local, levantamos un petitorio estrat\u00e9gico. Eran 17 puntos que ten\u00edan como principal misi\u00f3n resguardar el recurso h\u00eddrico de las provincias de Los Andes y San Felipe, todo esto en respuesta a la decisi\u00f3n de la Direcci\u00f3n General de Aguas (DGA) de redistribuir las aguas del r\u00edo Aconcagua para el llenado del embalse Los Aromos.<\/p>\n\n\n\n<p>En este documento, destacaban los siguientes \u00edtems:<\/p>\n\n\n\n<p>1-&nbsp;&nbsp;&nbsp;&nbsp;&nbsp;&nbsp;&nbsp; Incorporar en la redistribuci\u00f3n y restricci\u00f3n a las aguas subterr\u00e1neas.<\/p>\n\n\n\n<p>2-&nbsp;&nbsp;&nbsp;&nbsp;&nbsp;&nbsp;&nbsp; Declarar agotadas todas las fuentes de la cuenca para detener el sobre otorgamiento de derechos de aguas subterr\u00e1neas y superficiales.<\/p>\n\n\n\n<p>3-&nbsp;&nbsp;&nbsp;&nbsp;&nbsp;&nbsp;&nbsp; Establecer fechas concisas para el cumplimiento de los&nbsp; de compromisos adquiridos en el Plan de Obras (3 de junio 2020).<\/p>\n\n\n\n<p>4-&nbsp;&nbsp;&nbsp;&nbsp;&nbsp;&nbsp;&nbsp; Comprometer a las empresas sanitarias del litoral&nbsp; con la obtenci\u00f3n de nuevas fuentes de agua&nbsp; y&nbsp; recuperaci\u00f3n&nbsp; de aguas grises de la regi\u00f3n.<\/p>\n\n\n\n<p>5-&nbsp;&nbsp;&nbsp;&nbsp;&nbsp;&nbsp;&nbsp; Asegurar la llegada de agua a las colas de los principales Canales de las comunas, mediante el otorgamiento de una bater\u00eda de&nbsp; pozos&nbsp; para cada provincia&nbsp; en conjunto de&nbsp; sistemas de almacenaje que permita asegurar la distribuci\u00f3n local.<\/p>\n\n\n\n<p>6-&nbsp;&nbsp;&nbsp;&nbsp;&nbsp;&nbsp;&nbsp; Creaci\u00f3n de red de monitoreo de humedad de suelo, y red de monitoreo agroclim\u00e1tico que apoye a la estructura&nbsp; de predicciones hidro clim\u00e1ticas y que se actualice trimestralmente, generando oportunidades de proyecci\u00f3n de cultivos acorde a la disponibilidad&nbsp; proyectada.<\/p>\n\n\n\n<p>Lamentablemente, hasta la fecha, no hemos tenido respuesta y, a todo esto, ahora se suma una nueva medida. La resoluci\u00f3n N\u00b0972, que ordena a las comunas de la Provincia de Los Andes aumentar el aporte en la estaci\u00f3n de San Felipe de 1,3 m3\/s a 11 m3\/s, mientras que, en la semana, se mantienen las 42 horas de turno de fin de semana y el aporte a Esval.<\/p>\n\n\n\n<p>Sin duda, vemos con preocupaci\u00f3n esta determinaci\u00f3n, pues afectar\u00e1 a\u00fan m\u00e1s la ya compleja distribuci\u00f3n de recurso h\u00eddrico para nuestros peque\u00f1os y medianos agricultores, quienes ven diariamente dificultada la tarea de riego para sus producciones. En desmedro de ellos, siguen vi\u00e9ndose beneficiados los de siempre, aquellos que producen monocultivos que secan nuestro valle, y que impide el cultivo de uva de mesa y de otros frutos que desde siempre se han producido en estas tierras.<\/p>\n\n\n\n<p>Reitero mi total apoyo a los regantes de la comuna y a la Primera Secci\u00f3n del R\u00edo Aconcagua. Por ello, ni llamado, como Alcalde, es a la organizaci\u00f3n de nuestras comunidades en defensa del agua como un derecho de todos los aconcag\u00fcinos; porque en temas h\u00eddricos no puede haber ciudadanos de primera y segunda categor\u00eda. Es imposible que dejemos morir nuestro valle. Seremos en\u00e9rgicos en decir fuerte y claro que basta de seguir siendo el patio trasero de la Regi\u00f3n de Valpara\u00edso.<\/p>\n\n\n\n<p><strong>Christian Ortega Villagras<\/strong><\/p>\n\n\n\n<p><strong>Alcalde de San Esteban<\/strong><\/p>\n","protected":false},"excerpt":{"rendered":"<p>Desde hace al menos una d\u00e9cada la realidad h\u00eddrica en Aconcagua es catastr\u00f3fica. Con espanto, los habitantes del valle hemos visto el avance de la desertificaci\u00f3n y la sequ\u00eda sin que ning\u00fan gobierno ni autoridad estatal le haya puesto un atajo. Precisamente, y en respuesta a esta situaci\u00f3n, es que en junio pasado, junto con &hellip;<\/p>\n","protected":false},"author":2,"featured_media":2136,"comment_status":"open","ping_status":"open","sticky":false,"template":"","format":"standard","meta":{"spay_email":""},"categories":[2],"tags":[8],"jetpack_featured_media_url":"https:\/\/lavozdesanesteban.cl\/wp-content\/uploads\/2022\/11\/ALCALDE-rotated-e1667966105194.jpg","_links":{"self":[{"href":"https:\/\/lavozdesanesteban.cl\/index.php\/wp-json\/wp\/v2\/posts\/2135"}],"collection":[{"href":"https:\/\/lavozdesanesteban.cl\/index.php\/wp-json\/wp\/v2\/posts"}],"about":[{"href":"https:\/\/lavozdesanesteban.cl\/index.php\/wp-json\/wp\/v2\/types\/post"}],"author":[{"embeddable":true,"href":"https:\/\/lavozdesanesteban.cl\/index.php\/wp-json\/wp\/v2\/users\/2"}],"replies":[{"embeddable":true,"href":"https:\/\/lavozdesanesteban.cl\/index.php\/wp-json\/wp\/v2\/comments?post=2135"}],"version-history":[{"count":1,"href":"https:\/\/lavozdesanesteban.cl\/index.php\/wp-json\/wp\/v2\/posts\/2135\/revisions"}],"predecessor-version":[{"id":2137,"href":"https:\/\/lavozdesanesteban.cl\/index.php\/wp-json\/wp\/v2\/posts\/2135\/revisions\/2137"}],"wp:featuredmedia":[{"embeddable":true,"href":"https:\/\/lavozdesanesteban.cl\/index.php\/wp-json\/wp\/v2\/media\/2136"}],"wp:attachment":[{"href":"https:\/\/lavozdesanesteban.cl\/index.php\/wp-json\/wp\/v2\/media?parent=2135"}],"wp:term":[{"taxonomy":"category","embeddable":true,"href":"https:\/\/lavozdesanesteban.cl\/index.php\/wp-json\/wp\/v2\/categories?post=2135"},{"taxonomy":"post_tag","embeddable":true,"href":"https:\/\/lavozdesanesteban.cl\/index.php\/wp-json\/wp\/v2\/tags?post=2135"}],"curies":[{"name":"wp","href":"https:\/\/api.w.org\/{rel}","templated":true}]}}