{"id":2261,"date":"2022-11-19T00:57:07","date_gmt":"2022-11-19T00:57:07","guid":{"rendered":"https:\/\/lavozdesanesteban.cl\/?p=2261"},"modified":"2022-11-19T00:57:09","modified_gmt":"2022-11-19T00:57:09","slug":"municipalidad-de-san-esteban-invita-a-toda-la-comunidad-a-participar-este-sabado-en-su-primera-perruning","status":"publish","type":"post","link":"https:\/\/lavozdesanesteban.cl\/index.php\/2022\/11\/19\/municipalidad-de-san-esteban-invita-a-toda-la-comunidad-a-participar-este-sabado-en-su-primera-perruning\/","title":{"rendered":"Municipalidad de San Esteban invita a toda la comunidad a participar este s\u00e1bado en su primera perruning"},"content":{"rendered":"\n<p><\/p>\n\n\n\n<ul><li>Evento iniciar\u00e1 a las 17.00 horas, en la Plaza de Armas, y tiene como principal prop\u00f3sito promover el cari\u00f1o y la tenencia responsable de mascotas.<\/li><\/ul>\n\n\n\n<p>La Municipalidad de San Esteban, a trav\u00e9s de su oficina de deportes, agropecuaria y departamento de salud, realiz\u00f3 una invitaci\u00f3n a toda la comunidad a participar de la primera perruning, evento que tiene como principal objetivo promover el cari\u00f1o, respeto y la tenencia responsable de mascotas.<\/p>\n\n\n\n<p>La iniciativa se desarrollar\u00e1 en la Plaza de Armas de la comuna, a partir de las 17.00 horas, horario en que se realizar\u00e1 la inscripci\u00f3n de los participantes, contar\u00e1 con un circuito de dos kil\u00f3metros, no competitivo. Adem\u00e1s, estar\u00e1n los equipos veterinarios municipales realizando un operativo de desparasitaci\u00f3n.<\/p>\n\n\n\n<p>El Alcalde Christian Ortega hizo un llamado a asistir a esta entretenida actividad familiar, que adem\u00e1s, tendr\u00e1 interesantes concursos y premios: \u201cQueremos invitar a todas y todos los vecinos de la comuna a participar de nuestra perruning, evento dise\u00f1ado para promover el cari\u00f1o y respeto por las mascotas. Estaremos desde las 17.00 horas, inscribiendo a los participantes. Ser\u00e1 una iniciativa muy entetenida y es para toda la familia\u201d, sostuvo.<\/p>\n\n\n\n<p>Por su parte, Irma Calder\u00f3n, veterinaria del municipio, agreg\u00f3 que \u201cestaremos presentes promoviendo la tenencia responsable, realizaremos operativos de desparasitaci\u00f3n y habr\u00e1n muchas sorpresas. Los esperamos a todos\u201d, sostuvo.<\/p>\n\n\n\n<p>Durante la jornada, se desarrollar\u00e1n premiaciones para la mascota que m\u00e1s se parezca a su due\u00f1o, la que tenga el mejor disfraz y la que realice la mejor destreza.<\/p>\n","protected":false},"excerpt":{"rendered":"<p>Evento iniciar\u00e1 a las 17.00 horas, en la Plaza de Armas, y tiene como principal prop\u00f3sito promover el cari\u00f1o y la tenencia responsable de mascotas. La Municipalidad de San Esteban, a trav\u00e9s de su oficina de deportes, agropecuaria y departamento de salud, realiz\u00f3 una invitaci\u00f3n a toda la comunidad a participar de la primera perruning, &hellip;<\/p>\n","protected":false},"author":2,"featured_media":2262,"comment_status":"open","ping_status":"open","sticky":false,"template":"","format":"standard","meta":{"spay_email":""},"categories":[2],"tags":[8],"jetpack_featured_media_url":"https:\/\/lavozdesanesteban.cl\/wp-content\/uploads\/2022\/11\/PERRU.jpg","_links":{"self":[{"href":"https:\/\/lavozdesanesteban.cl\/index.php\/wp-json\/wp\/v2\/posts\/2261"}],"collection":[{"href":"https:\/\/lavozdesanesteban.cl\/index.php\/wp-json\/wp\/v2\/posts"}],"about":[{"href":"https:\/\/lavozdesanesteban.cl\/index.php\/wp-json\/wp\/v2\/types\/post"}],"author":[{"embeddable":true,"href":"https:\/\/lavozdesanesteban.cl\/index.php\/wp-json\/wp\/v2\/users\/2"}],"replies":[{"embeddable":true,"href":"https:\/\/lavozdesanesteban.cl\/index.php\/wp-json\/wp\/v2\/comments?post=2261"}],"version-history":[{"count":1,"href":"https:\/\/lavozdesanesteban.cl\/index.php\/wp-json\/wp\/v2\/posts\/2261\/revisions"}],"predecessor-version":[{"id":2263,"href":"https:\/\/lavozdesanesteban.cl\/index.php\/wp-json\/wp\/v2\/posts\/2261\/revisions\/2263"}],"wp:featuredmedia":[{"embeddable":true,"href":"https:\/\/lavozdesanesteban.cl\/index.php\/wp-json\/wp\/v2\/media\/2262"}],"wp:attachment":[{"href":"https:\/\/lavozdesanesteban.cl\/index.php\/wp-json\/wp\/v2\/media?parent=2261"}],"wp:term":[{"taxonomy":"category","embeddable":true,"href":"https:\/\/lavozdesanesteban.cl\/index.php\/wp-json\/wp\/v2\/categories?post=2261"},{"taxonomy":"post_tag","embeddable":true,"href":"https:\/\/lavozdesanesteban.cl\/index.php\/wp-json\/wp\/v2\/tags?post=2261"}],"curies":[{"name":"wp","href":"https:\/\/api.w.org\/{rel}","templated":true}]}}