{"id":2361,"date":"2022-12-26T22:40:11","date_gmt":"2022-12-26T22:40:11","guid":{"rendered":"https:\/\/lavozdesanesteban.cl\/?p=2361"},"modified":"2022-12-26T22:40:12","modified_gmt":"2022-12-26T22:40:12","slug":"municipio-de-san-esteban-junto-delegacion-provincial-y-carabineros-lanzan-programa-verano-seguro-para-evitar-delitos-y-situaciones-de-emergencia","status":"publish","type":"post","link":"https:\/\/lavozdesanesteban.cl\/index.php\/2022\/12\/26\/municipio-de-san-esteban-junto-delegacion-provincial-y-carabineros-lanzan-programa-verano-seguro-para-evitar-delitos-y-situaciones-de-emergencia\/","title":{"rendered":"Municipio de San Esteban junto Delegaci\u00f3n provincial y Carabineros lanzan programa \u00abVerano seguro\u00bb para evitar delitos y situaciones de emergencia"},"content":{"rendered":"\n<p><\/p>\n\n\n\n<ul><li>Las autoridades informaron que se reforzaron las labores entre las instituciones a fin impedir la ocurrencia de il\u00edcitos y, por otro lado, llamaron a denunciar al ser testigo de incendios.<\/li><\/ul>\n\n\n\n<p>Con el objetivo de continuar reforzando el trabajo preventivo, la Municipalidad de San Esteban en conjunto con la Delegaci\u00f3n Presidencial Provincial de Los Andes, Carabineros e instituciones afines lanzaron el programa \u201cVerano seguro\u201d, el que tiene por finalidad entregar recomendaciones para evitar diversos il\u00edcitos e invitar a las vecinas y vecinos a ponerse en contacto con las instituciones respectiva respecto a emergencias.<\/p>\n\n\n\n<p>En ese sentido, el Teniente de Carabineros, Juan Medina, manifest\u00f3 que la instituci\u00f3n se ha enfocado en establecer labores de patrullajes por distintos puntos de la comuna, afianzando as\u00ed el contacto con dirigentes y vecinos.<\/p>\n\n\n\n<p>\u201cLa idea es que la gente toma conciencia respecto a diversos temas. Por ejemplo, si van a beber no conducir. Respecto a la seguridad, sobre todo para aquellos que van a pasar las fiestas en otros hogares, lo ideal es que puedan avisar a los familiares cercanos o juntas de vecinos, para que personas de confianza puedan saber que no habr\u00e1 nadie y, de esa manera, ellos nos traspasan esa informaci\u00f3n para tambi\u00e9n, como instituci\u00f3n, realizar patrullajes preventivos por distintos sectores\u201d, afirm\u00f3.<\/p>\n\n\n\n<p>Por otra parte, el Administrador Municipal, Ra\u00fal Iduarte, enfatiz\u00f3 que el municipio ha dispuesto una labor permanente respecto a la seguridad, aumentando la dotaci\u00f3n de inspectores y trabajadores ligados a esas tareas, reforzando los recorridos por la comuna, a fin de aumentar la sensaci\u00f3n de seguridad.<\/p>\n\n\n\n<p>\u201cHay una preocupaci\u00f3n de la administraci\u00f3n del Alcalde Ortega en responder a las demandas de la comunidad y sin duda que la seguridad es una de ellas. Por eso, es que adoptamos ciertas medidas, tales como la contrataci\u00f3n de mayor personal de patrullaje, con la experiencia necesaria, que nos permiti\u00f3 aumentar nuestra capacidad de despliegue e ir respondiendo aquellas solicitudes de la comunidad y que tambi\u00e9n nace de la mesa de seguridad p\u00fablica, en la que participamos junto a otras instituciones. Por ello, lo importante, es mantener un contacto permanente, entre los vecinos y las organizaciones\u201d<\/p>\n\n\n\n<p>En cuanto a la labor preventiva, desde Senda hicieron un llamado al consumo responsable de alcohol durante las pr\u00f3ximas fiestas.<\/p>\n\n\n\n<p>Finalmente, las autoridades presentes entregaron recomendaciones a la hora de comprar art\u00edculos el\u00e9ctricos y el sobreconsumo que en estas fechas hacen de la ornamentaci\u00f3n navide\u00f1a, lo que puede provocar incendios u otras emergencias.<\/p>\n\n\n\n<p><a><\/a>&nbsp;\u201cNuestra recomendaci\u00f3n como municipio es al autocuidado. Lo que queremos es pasar unas felices fiestas sin lamentar accidentes. La invitaci\u00f3n es a adquirir art\u00edculos con el sello de la SEC porque entregan garant\u00edas y est\u00e1ndares de seguridad\u201d, se\u00f1al\u00f3 Carlos \u00c1lamos.<\/p>\n","protected":false},"excerpt":{"rendered":"<p>Las autoridades informaron que se reforzaron las labores entre las instituciones a fin impedir la ocurrencia de il\u00edcitos y, por otro lado, llamaron a denunciar al ser testigo de incendios. Con el objetivo de continuar reforzando el trabajo preventivo, la Municipalidad de San Esteban en conjunto con la Delegaci\u00f3n Presidencial Provincial de Los Andes, Carabineros &hellip;<\/p>\n","protected":false},"author":2,"featured_media":2362,"comment_status":"open","ping_status":"open","sticky":false,"template":"","format":"standard","meta":{"spay_email":""},"categories":[2],"tags":[8],"jetpack_featured_media_url":"https:\/\/lavozdesanesteban.cl\/wp-content\/uploads\/2022\/12\/verano-seguro.jpeg","_links":{"self":[{"href":"https:\/\/lavozdesanesteban.cl\/index.php\/wp-json\/wp\/v2\/posts\/2361"}],"collection":[{"href":"https:\/\/lavozdesanesteban.cl\/index.php\/wp-json\/wp\/v2\/posts"}],"about":[{"href":"https:\/\/lavozdesanesteban.cl\/index.php\/wp-json\/wp\/v2\/types\/post"}],"author":[{"embeddable":true,"href":"https:\/\/lavozdesanesteban.cl\/index.php\/wp-json\/wp\/v2\/users\/2"}],"replies":[{"embeddable":true,"href":"https:\/\/lavozdesanesteban.cl\/index.php\/wp-json\/wp\/v2\/comments?post=2361"}],"version-history":[{"count":1,"href":"https:\/\/lavozdesanesteban.cl\/index.php\/wp-json\/wp\/v2\/posts\/2361\/revisions"}],"predecessor-version":[{"id":2363,"href":"https:\/\/lavozdesanesteban.cl\/index.php\/wp-json\/wp\/v2\/posts\/2361\/revisions\/2363"}],"wp:featuredmedia":[{"embeddable":true,"href":"https:\/\/lavozdesanesteban.cl\/index.php\/wp-json\/wp\/v2\/media\/2362"}],"wp:attachment":[{"href":"https:\/\/lavozdesanesteban.cl\/index.php\/wp-json\/wp\/v2\/media?parent=2361"}],"wp:term":[{"taxonomy":"category","embeddable":true,"href":"https:\/\/lavozdesanesteban.cl\/index.php\/wp-json\/wp\/v2\/categories?post=2361"},{"taxonomy":"post_tag","embeddable":true,"href":"https:\/\/lavozdesanesteban.cl\/index.php\/wp-json\/wp\/v2\/tags?post=2361"}],"curies":[{"name":"wp","href":"https:\/\/api.w.org\/{rel}","templated":true}]}}