{"id":2364,"date":"2022-12-26T22:43:26","date_gmt":"2022-12-26T22:43:26","guid":{"rendered":"https:\/\/lavozdesanesteban.cl\/?p=2364"},"modified":"2022-12-26T22:43:28","modified_gmt":"2022-12-26T22:43:28","slug":"calle-larga-realizara-masivo-recambio-de-antiguas-luminarias-publicas-por-luces-led-de-ultima-generacion","status":"publish","type":"post","link":"https:\/\/lavozdesanesteban.cl\/index.php\/2022\/12\/26\/calle-larga-realizara-masivo-recambio-de-antiguas-luminarias-publicas-por-luces-led-de-ultima-generacion\/","title":{"rendered":"Calle Larga realizar\u00e1 masivo recambio de antiguas luminarias p\u00fablicas por luces LED de \u00faltima generaci\u00f3n"},"content":{"rendered":"\n<p><\/p>\n\n\n\n<p><strong>Junto con el recambio, la empresa a cargo de los trabajos, realizar\u00e1 la mantenci\u00f3n de las luminarias durante diez a\u00f1os<\/strong><\/p>\n\n\n\n<p><strong>&nbsp;&nbsp;&nbsp;&nbsp;&nbsp;&nbsp;&nbsp;&nbsp;&nbsp;&nbsp;&nbsp; <\/strong>M\u00e1s de treinta a\u00f1os de uso tienen las actuales luminarias existentes en la comuna. Debido a que hace cerca de veinte a\u00f1os cumplieron su vida \u00fatil, de forma constante deben ser sometidas a mantenciones, proceso que muchas veces se dificulta ya que no existen repuestos para muchas de \u00e9stas.<\/p>\n\n\n\n<p>&nbsp;&nbsp;&nbsp;&nbsp;&nbsp;&nbsp;&nbsp;&nbsp;&nbsp;&nbsp;&nbsp; La baja luminosidad y, en algunos sectores de la comuna, la oscuridad total en calles y pasajes, llev\u00f3 a la Municipalidad de Calle Larga a firmar ayer jueves contrato con la empresa SHR\u00c8DER CHILE S.A (empresa que se adjudic\u00f3 licitaci\u00f3n). As\u00ed, a partir de enero, se iniciar\u00e1 el recambio de la totalidad de las luminarias actualmente existentes en la comuna.<\/p>\n\n\n\n<p>&nbsp;&nbsp;&nbsp;&nbsp;&nbsp;&nbsp;&nbsp;&nbsp;&nbsp;&nbsp;&nbsp; De acuerdo a lo establecido en el contrato, que tiene una duraci\u00f3n de 10 a\u00f1os y que de forma mensual alcanza un monto de 21 millones de pesos, la empresa junto con realizar la instalaci\u00f3n de las luminarias LED de \u00faltima generaci\u00f3n, se har\u00e1 cargo de su mantenci\u00f3n durante una d\u00e9cada. Adem\u00e1s, gracias al recambio de las luminarias, Calle Larga tendr\u00e1 un ahorro de sesenta por ciento en el consumo de energ\u00eda el\u00e9ctrica.<\/p>\n\n\n\n<p>&nbsp;&nbsp;&nbsp;&nbsp;&nbsp;&nbsp;&nbsp;&nbsp;&nbsp;&nbsp;&nbsp; \u201cUno de los problemas m\u00e1s grandes que ha tenido Calle Larga en su historia es lo que pasaba con las luminarias, justo en el d\u00eda de nuestro aniversario y como regalo de Navidad para las y los vecinos. Este contrato firmado hoy nos permite que se asegure la mantenci\u00f3n de las luces durante diez a\u00f1os, lo que nos asegura que durante ese tiempo no habr\u00e1n luminarias apagadas en la comuna. Eso nos hace muy felices ya que se fortalecer\u00e1 la seguridad en nuestra comuna, mejorando as\u00ed la calidad de vida de todas y todos\u201d, sostuvo la alcaldesa Dina Gonz\u00e1lez Alfaro.<\/p>\n\n\n\n<p>&nbsp;&nbsp;&nbsp;&nbsp;&nbsp;&nbsp;&nbsp;&nbsp;&nbsp;&nbsp;&nbsp; Por su parte, Ricardo Munhos Lucchesi, representante legal de la empresa SHR\u00c8DER CHILE S.A. dio a conocer los plazos establecidos en el contrato.<\/p>\n\n\n\n<p>&nbsp;&nbsp;&nbsp;&nbsp;&nbsp;&nbsp;&nbsp;&nbsp;&nbsp;&nbsp;&nbsp; \u201cEstamos orgullos de participar como partner con la Municipalidad de Calle Larga, para traer a la comuna luminarias de \u00faltima generaci\u00f3n que traen consigo confort y seguridad y estar trabajando con ustedes durante los pr\u00f3ximos diez a\u00f1os. A partir de enero se realizar\u00e1 la entrega de terrenos y posteriormente empezaremos los trabajos, as\u00ed que durante el pr\u00f3ximo mes tendremos luminarias nuevas\u201d.<\/p>\n","protected":false},"excerpt":{"rendered":"<p>Junto con el recambio, la empresa a cargo de los trabajos, realizar\u00e1 la mantenci\u00f3n de las luminarias durante diez a\u00f1os &nbsp;&nbsp;&nbsp;&nbsp;&nbsp;&nbsp;&nbsp;&nbsp;&nbsp;&nbsp;&nbsp; M\u00e1s de treinta a\u00f1os de uso tienen las actuales luminarias existentes en la comuna. Debido a que hace cerca de veinte a\u00f1os cumplieron su vida \u00fatil, de forma constante deben ser sometidas a mantenciones, &hellip;<\/p>\n","protected":false},"author":2,"featured_media":2365,"comment_status":"open","ping_status":"open","sticky":false,"template":"","format":"standard","meta":{"spay_email":""},"categories":[7],"tags":[8],"jetpack_featured_media_url":"https:\/\/lavozdesanesteban.cl\/wp-content\/uploads\/2022\/12\/LUCES-scaled.jpg","_links":{"self":[{"href":"https:\/\/lavozdesanesteban.cl\/index.php\/wp-json\/wp\/v2\/posts\/2364"}],"collection":[{"href":"https:\/\/lavozdesanesteban.cl\/index.php\/wp-json\/wp\/v2\/posts"}],"about":[{"href":"https:\/\/lavozdesanesteban.cl\/index.php\/wp-json\/wp\/v2\/types\/post"}],"author":[{"embeddable":true,"href":"https:\/\/lavozdesanesteban.cl\/index.php\/wp-json\/wp\/v2\/users\/2"}],"replies":[{"embeddable":true,"href":"https:\/\/lavozdesanesteban.cl\/index.php\/wp-json\/wp\/v2\/comments?post=2364"}],"version-history":[{"count":1,"href":"https:\/\/lavozdesanesteban.cl\/index.php\/wp-json\/wp\/v2\/posts\/2364\/revisions"}],"predecessor-version":[{"id":2366,"href":"https:\/\/lavozdesanesteban.cl\/index.php\/wp-json\/wp\/v2\/posts\/2364\/revisions\/2366"}],"wp:featuredmedia":[{"embeddable":true,"href":"https:\/\/lavozdesanesteban.cl\/index.php\/wp-json\/wp\/v2\/media\/2365"}],"wp:attachment":[{"href":"https:\/\/lavozdesanesteban.cl\/index.php\/wp-json\/wp\/v2\/media?parent=2364"}],"wp:term":[{"taxonomy":"category","embeddable":true,"href":"https:\/\/lavozdesanesteban.cl\/index.php\/wp-json\/wp\/v2\/categories?post=2364"},{"taxonomy":"post_tag","embeddable":true,"href":"https:\/\/lavozdesanesteban.cl\/index.php\/wp-json\/wp\/v2\/tags?post=2364"}],"curies":[{"name":"wp","href":"https:\/\/api.w.org\/{rel}","templated":true}]}}