{"id":251,"date":"2022-01-26T21:12:15","date_gmt":"2022-01-26T21:12:15","guid":{"rendered":"https:\/\/lavozdesanesteban.cl\/?p=251"},"modified":"2022-01-26T21:12:16","modified_gmt":"2022-01-26T21:12:16","slug":"jardin-almendritas-le-regala-remozado-espacio-al-liceo-roberto-humeres","status":"publish","type":"post","link":"https:\/\/lavozdesanesteban.cl\/index.php\/2022\/01\/26\/jardin-almendritas-le-regala-remozado-espacio-al-liceo-roberto-humeres\/","title":{"rendered":"Jard\u00edn Almendritas le regala remozado espacio al Liceo Roberto Humeres"},"content":{"rendered":"\n<p><\/p>\n\n\n\n<p><strong>En coordinaci\u00f3n con la Direcci\u00f3n de Protecci\u00f3n y Medio Ambiente (DIPMA) de la Municipalidad de San Felipe, realizaron proceso de arborizaci\u00f3n e instalaci\u00f3n de \u201cmulch\u201d para la optimizaci\u00f3n del recurso h\u00eddrico<\/strong> <strong><\/strong><\/p>\n\n\n\n<p>Las T\u00edas y p\u00e1rvulos del Jard\u00edn Infantil Almendritas, en coordinaci\u00f3n con la Direcci\u00f3n de Protecci\u00f3n y Medio Ambiente de la Municipalidad de San Felipe, desarrollaron un proyecto de mejoramiento y recuperaci\u00f3n de espacios en el Liceo Roberto Humeres como una forma de agradecer por las dependencias que el establecimiento les ha facilitado desde el 18 de octubre de 2021, momento en que las instalaciones del recinto parvulario comenzaron las obras de mejoramiento para conseguir su respectiva acreditaci\u00f3n.<\/p>\n\n\n\n<p>Karen Salgado, Directora del Jard\u00edn Infantil Almendritas, destac\u00f3 la voluntad que la comunidad educativa del Roberto Humeres ha tenido durante todo el tiempo en que el jard\u00edn, con una atenci\u00f3n diaria promedio de alrededor de 20 ni\u00f1os y ni\u00f1as, ha funcionado en las instalaciones del Liceo.<\/p>\n\n\n\n<p><strong>\u201cEl proyecto \u2018Nuestro Jard\u00edn\u2019 comenz\u00f3 el 18 de octubre y ten\u00eda como finalizaci\u00f3n este 18 de enero, eran 90 d\u00edas de obra, eso se ha ido extendiendo un poquito por falta de materiales, as\u00ed que nosotros desde esa fecha estamos ac\u00e1 y estar\u00edamos hasta marzo y ah\u00ed se va a ver cu\u00e1ndo nos trasladamos de vuelta a nuestro jard\u00edn\u201d<\/strong>, explic\u00f3 la educadora.<\/p>\n\n\n\n<p>En tanto, Camila Tapia, encargada de Gesti\u00f3n Ambiental de la Municipalidad de San Felipe, asegur\u00f3 que&nbsp; el recuperar espacios a trav\u00e9s de la arborizaci\u00f3n cumple m\u00faltiples funciones en la primera etapa pedag\u00f3gica y una de ellas es potenciar la parte emocional de los ni\u00f1os y ni\u00f1as al relacionarse con plantas y \u00e1rboles.<\/p>\n\n\n\n<p><strong>\u201cRecuperar espacios con plantas y ahora que estamos con el tema de la eficiencia h\u00eddrica, usamos el \u2018mulch\u2019, que son estas maderitas de colores, que ayudan a retener un poco m\u00e1s el agua y mantener m\u00e1s h\u00famedo, con el calor que hace nos ayuda mucho a bajar estos par\u00e1metros de temperatura\u201d, <\/strong>detall\u00f3 la funcionaria.<\/p>\n","protected":false},"excerpt":{"rendered":"<p>En coordinaci\u00f3n con la Direcci\u00f3n de Protecci\u00f3n y Medio Ambiente (DIPMA) de la Municipalidad de San Felipe, realizaron proceso de arborizaci\u00f3n e instalaci\u00f3n de \u201cmulch\u201d para la optimizaci\u00f3n del recurso h\u00eddrico Las T\u00edas y p\u00e1rvulos del Jard\u00edn Infantil Almendritas, en coordinaci\u00f3n con la Direcci\u00f3n de Protecci\u00f3n y Medio Ambiente de la Municipalidad de San Felipe, &hellip;<\/p>\n","protected":false},"author":2,"featured_media":252,"comment_status":"open","ping_status":"open","sticky":false,"template":"","format":"standard","meta":{"spay_email":""},"categories":[7],"tags":[8],"jetpack_featured_media_url":"https:\/\/lavozdesanesteban.cl\/wp-content\/uploads\/2022\/01\/REGALO-scaled.jpg","_links":{"self":[{"href":"https:\/\/lavozdesanesteban.cl\/index.php\/wp-json\/wp\/v2\/posts\/251"}],"collection":[{"href":"https:\/\/lavozdesanesteban.cl\/index.php\/wp-json\/wp\/v2\/posts"}],"about":[{"href":"https:\/\/lavozdesanesteban.cl\/index.php\/wp-json\/wp\/v2\/types\/post"}],"author":[{"embeddable":true,"href":"https:\/\/lavozdesanesteban.cl\/index.php\/wp-json\/wp\/v2\/users\/2"}],"replies":[{"embeddable":true,"href":"https:\/\/lavozdesanesteban.cl\/index.php\/wp-json\/wp\/v2\/comments?post=251"}],"version-history":[{"count":1,"href":"https:\/\/lavozdesanesteban.cl\/index.php\/wp-json\/wp\/v2\/posts\/251\/revisions"}],"predecessor-version":[{"id":253,"href":"https:\/\/lavozdesanesteban.cl\/index.php\/wp-json\/wp\/v2\/posts\/251\/revisions\/253"}],"wp:featuredmedia":[{"embeddable":true,"href":"https:\/\/lavozdesanesteban.cl\/index.php\/wp-json\/wp\/v2\/media\/252"}],"wp:attachment":[{"href":"https:\/\/lavozdesanesteban.cl\/index.php\/wp-json\/wp\/v2\/media?parent=251"}],"wp:term":[{"taxonomy":"category","embeddable":true,"href":"https:\/\/lavozdesanesteban.cl\/index.php\/wp-json\/wp\/v2\/categories?post=251"},{"taxonomy":"post_tag","embeddable":true,"href":"https:\/\/lavozdesanesteban.cl\/index.php\/wp-json\/wp\/v2\/tags?post=251"}],"curies":[{"name":"wp","href":"https:\/\/api.w.org\/{rel}","templated":true}]}}