{"id":2645,"date":"2023-02-03T00:02:26","date_gmt":"2023-02-03T00:02:26","guid":{"rendered":"https:\/\/lavozdesanesteban.cl\/?p=2645"},"modified":"2023-02-03T00:02:27","modified_gmt":"2023-02-03T00:02:27","slug":"alcalde-ortega-manifesto-su-preocupacion-ante-determinacion-de-la-dga-de-intervenir-el-rio-aconcagua","status":"publish","type":"post","link":"https:\/\/lavozdesanesteban.cl\/index.php\/2023\/02\/03\/alcalde-ortega-manifesto-su-preocupacion-ante-determinacion-de-la-dga-de-intervenir-el-rio-aconcagua\/","title":{"rendered":"Alcalde Ortega manifest\u00f3 su preocupaci\u00f3n ante determinaci\u00f3n de la DGA de intervenir el r\u00edo Aconcagua"},"content":{"rendered":"\n<p><\/p>\n\n\n\n<ul><li>La autoridad comunal se\u00f1al\u00f3 que esta medida tendr\u00e1 como \u201c\u00fanicos afectados a los peque\u00f1os agricultores de la provincia\u201d.<\/li><\/ul>\n\n\n\n<p>Como una situaci\u00f3n preocupante, calific\u00f3 el Alcalde de San Esteban, Christian Ortega, la determinaci\u00f3n de la Direcci\u00f3n General de Aguas de intervenir el r\u00edo Aconcagua, suspendiendo el seccionamiento de \u00e9ste y las atribuciones de los directorios de la primera y segunda secci\u00f3n, lo que sin duda, dijo, podr\u00eda traer un impacto negativo y graves consecuencias para la peque\u00f1a agricultura provincial.<\/p>\n\n\n\n<p>En ese sentido, la autoridad comunal enfatiz\u00f3 en que, si bien es una acci\u00f3n que se enmarca dentro de las atribuciones de la DGA, beneficiar\u00eda a los productores de monocultivos: \u201cNosotros lamentamos la intervenci\u00f3n de la DGA que, si bien se ajusta a derecho, creemos que no es equitativo en el reparto de agua, porque los \u00fanicos afectados son los agricultores, principalmente, aquellos peque\u00f1os productores de la Provincia de Los Andes.&nbsp;&nbsp; En San Esteban ya estamos viviendo esto. Esperamos prontamente tener una soluci\u00f3n, porque el monopolio del agua no puede ser solo de los grandes productores de plata de Aconcagua\u201d, se\u00f1al\u00f3.<\/p>\n\n\n\n<p>Precisamente, y en virtud del trabajo constante en el territorio, Ortega manifest\u00f3 que se ha reunido constantemente con los regantes, productores y campesinos sanestebinos, para conocer sus sensaciones y posturas respecto a la determinaci\u00f3n:<\/p>\n\n\n\n<p>\u201cNuestros agricultores est\u00e1n en pleno proceso de cosecha. Est\u00e1n muy preocupados y sin duda, esto, nos llevar\u00e1 a un conflicto. Es lo que hemos tratado de evitar, participando en distintas instancias, pero es una intervenci\u00f3n que nos afecta enormemente\u201d, finaliz\u00f3.<\/p>\n","protected":false},"excerpt":{"rendered":"<p>La autoridad comunal se\u00f1al\u00f3 que esta medida tendr\u00e1 como \u201c\u00fanicos afectados a los peque\u00f1os agricultores de la provincia\u201d. Como una situaci\u00f3n preocupante, calific\u00f3 el Alcalde de San Esteban, Christian Ortega, la determinaci\u00f3n de la Direcci\u00f3n General de Aguas de intervenir el r\u00edo Aconcagua, suspendiendo el seccionamiento de \u00e9ste y las atribuciones de los directorios de &hellip;<\/p>\n","protected":false},"author":2,"featured_media":2646,"comment_status":"open","ping_status":"open","sticky":false,"template":"","format":"standard","meta":{"spay_email":""},"categories":[2],"tags":[8],"jetpack_featured_media_url":"https:\/\/lavozdesanesteban.cl\/wp-content\/uploads\/2023\/02\/AGUA-scaled.jpg","_links":{"self":[{"href":"https:\/\/lavozdesanesteban.cl\/index.php\/wp-json\/wp\/v2\/posts\/2645"}],"collection":[{"href":"https:\/\/lavozdesanesteban.cl\/index.php\/wp-json\/wp\/v2\/posts"}],"about":[{"href":"https:\/\/lavozdesanesteban.cl\/index.php\/wp-json\/wp\/v2\/types\/post"}],"author":[{"embeddable":true,"href":"https:\/\/lavozdesanesteban.cl\/index.php\/wp-json\/wp\/v2\/users\/2"}],"replies":[{"embeddable":true,"href":"https:\/\/lavozdesanesteban.cl\/index.php\/wp-json\/wp\/v2\/comments?post=2645"}],"version-history":[{"count":1,"href":"https:\/\/lavozdesanesteban.cl\/index.php\/wp-json\/wp\/v2\/posts\/2645\/revisions"}],"predecessor-version":[{"id":2647,"href":"https:\/\/lavozdesanesteban.cl\/index.php\/wp-json\/wp\/v2\/posts\/2645\/revisions\/2647"}],"wp:featuredmedia":[{"embeddable":true,"href":"https:\/\/lavozdesanesteban.cl\/index.php\/wp-json\/wp\/v2\/media\/2646"}],"wp:attachment":[{"href":"https:\/\/lavozdesanesteban.cl\/index.php\/wp-json\/wp\/v2\/media?parent=2645"}],"wp:term":[{"taxonomy":"category","embeddable":true,"href":"https:\/\/lavozdesanesteban.cl\/index.php\/wp-json\/wp\/v2\/categories?post=2645"},{"taxonomy":"post_tag","embeddable":true,"href":"https:\/\/lavozdesanesteban.cl\/index.php\/wp-json\/wp\/v2\/tags?post=2645"}],"curies":[{"name":"wp","href":"https:\/\/api.w.org\/{rel}","templated":true}]}}