{"id":2649,"date":"2023-02-03T20:52:40","date_gmt":"2023-02-03T20:52:40","guid":{"rendered":"https:\/\/lavozdesanesteban.cl\/?p=2649"},"modified":"2023-02-03T20:52:43","modified_gmt":"2023-02-03T20:52:43","slug":"vecino-y-funcionario-del-departamento-de-salud-municipal-de-san-esteban-representara-a-la-comuna-en-reconocida-competencia-internacional-de-ciclismo","status":"publish","type":"post","link":"https:\/\/lavozdesanesteban.cl\/index.php\/2023\/02\/03\/vecino-y-funcionario-del-departamento-de-salud-municipal-de-san-esteban-representara-a-la-comuna-en-reconocida-competencia-internacional-de-ciclismo\/","title":{"rendered":"Vecino y funcionario del Departamento de Salud municipal de San Esteban representar\u00e1 a la comuna en reconocida competencia internacional de ciclismo"},"content":{"rendered":"\n<p><\/p>\n\n\n\n<ul><li>Jorge Villarroel correr\u00e1 en la categor\u00eda de 50 a 59 a\u00f1os de la \u201cVuelta de San Juan Master \u00a7 Elite ll\u201d en su decimoctava versi\u00f3n.<\/li><\/ul>\n\n\n\n<p>Esta semana inici\u00f3 el reconocido torneo de ciclismo \u201cVuelta de San Juan\u201d en Argentina, donde cuatro chilenos representar\u00e1n al pa\u00eds en la categor\u00eda de 50 a 59 a\u00f1os, dentro de ellos, el sanestebino Jorge Villarroel, quien a sus 57 a\u00f1os trabaja como maestro en el Departamento de Salud municipal de la comuna.<\/p>\n\n\n\n<p>\u201cPara m\u00ed es una experiencia grand\u00edsima y tambi\u00e9n por darme la oportunidad de participar, agradecer al Cesfam y a la municipalidad que me otorgaron los permisos para poder ir a competir y contento, as\u00ed que a hacer lo mejor que se pueda, son muchos corredores, 158 en mi categor\u00eda y ya vamos un poco preparado, ansioso y nervioso m\u00e1s que nada\u201d coment\u00f3 Jorge Villarroel sobre su viaje a San Juan.<\/p>\n\n\n\n<p>\u201cEstamos felices y muy orgulloso de que uno de nuestros funcionarios, don Jorge Villarroel, nos pueda representar haciendo ciclismo en la ciudad de San Juan en Argentina , es para nosotros adem\u00e1s de un orgullo, la representaci\u00f3n de la vida sana, de la actividad f\u00edsica y de lo que nosotros esperamos para nuestros funcionarios y para toda la comuna de San Esteban. Queremos adem\u00e1s darle las gracias al municipio por el apoyo a los deportistas, en este caso a uno de nuestros funcionarios y comprometernos para seguir ayud\u00e1ndolo, para que en las pr\u00f3ximas competencias que vengan nos pueda representar de la mejor forma posible\u201d, agreg\u00f3 el director del Departamento de Salud, Juan Antonio Lobos.<\/p>\n\n\n\n<p>El vecino de la Villa El Estero, viaja la noche de este 1 de febrero a San Juan, esperando empezar a competir inmediatamente el 2 del mismo mes. Cabe destacar que Jorge Villarroel pertenece al club de Ciclistas de San Esteban.<\/p>\n","protected":false},"excerpt":{"rendered":"<p>Jorge Villarroel correr\u00e1 en la categor\u00eda de 50 a 59 a\u00f1os de la \u201cVuelta de San Juan Master \u00a7 Elite ll\u201d en su decimoctava versi\u00f3n. Esta semana inici\u00f3 el reconocido torneo de ciclismo \u201cVuelta de San Juan\u201d en Argentina, donde cuatro chilenos representar\u00e1n al pa\u00eds en la categor\u00eda de 50 a 59 a\u00f1os, dentro de &hellip;<\/p>\n","protected":false},"author":2,"featured_media":2650,"comment_status":"open","ping_status":"open","sticky":false,"template":"","format":"standard","meta":{"spay_email":""},"categories":[2],"tags":[8],"jetpack_featured_media_url":"https:\/\/lavozdesanesteban.cl\/wp-content\/uploads\/2023\/02\/JORGE-VILLARROEL-CICLISTA-SANESTEBINO.jpg","_links":{"self":[{"href":"https:\/\/lavozdesanesteban.cl\/index.php\/wp-json\/wp\/v2\/posts\/2649"}],"collection":[{"href":"https:\/\/lavozdesanesteban.cl\/index.php\/wp-json\/wp\/v2\/posts"}],"about":[{"href":"https:\/\/lavozdesanesteban.cl\/index.php\/wp-json\/wp\/v2\/types\/post"}],"author":[{"embeddable":true,"href":"https:\/\/lavozdesanesteban.cl\/index.php\/wp-json\/wp\/v2\/users\/2"}],"replies":[{"embeddable":true,"href":"https:\/\/lavozdesanesteban.cl\/index.php\/wp-json\/wp\/v2\/comments?post=2649"}],"version-history":[{"count":1,"href":"https:\/\/lavozdesanesteban.cl\/index.php\/wp-json\/wp\/v2\/posts\/2649\/revisions"}],"predecessor-version":[{"id":2651,"href":"https:\/\/lavozdesanesteban.cl\/index.php\/wp-json\/wp\/v2\/posts\/2649\/revisions\/2651"}],"wp:featuredmedia":[{"embeddable":true,"href":"https:\/\/lavozdesanesteban.cl\/index.php\/wp-json\/wp\/v2\/media\/2650"}],"wp:attachment":[{"href":"https:\/\/lavozdesanesteban.cl\/index.php\/wp-json\/wp\/v2\/media?parent=2649"}],"wp:term":[{"taxonomy":"category","embeddable":true,"href":"https:\/\/lavozdesanesteban.cl\/index.php\/wp-json\/wp\/v2\/categories?post=2649"},{"taxonomy":"post_tag","embeddable":true,"href":"https:\/\/lavozdesanesteban.cl\/index.php\/wp-json\/wp\/v2\/tags?post=2649"}],"curies":[{"name":"wp","href":"https:\/\/api.w.org\/{rel}","templated":true}]}}