{"id":2652,"date":"2023-02-03T21:04:05","date_gmt":"2023-02-03T21:04:05","guid":{"rendered":"https:\/\/lavozdesanesteban.cl\/?p=2652"},"modified":"2023-02-03T21:04:09","modified_gmt":"2023-02-03T21:04:09","slug":"un-90-de-avance-presenta-construccion-de-sede-social-de-remodelacion-vina-del-mar","status":"publish","type":"post","link":"https:\/\/lavozdesanesteban.cl\/index.php\/2023\/02\/03\/un-90-de-avance-presenta-construccion-de-sede-social-de-remodelacion-vina-del-mar\/","title":{"rendered":"Un 90 % de avance presenta construcci\u00f3n de sede social de Remodelaci\u00f3n Vi\u00f1a del Mar"},"content":{"rendered":"\n<p><\/p>\n\n\n\n<p><em>La obra se encuentra en etapa final de construcci\u00f3n y se espera su pronta entrega a la comunidad.<\/em><\/p>\n\n\n\n<p>Desde octubre pasado se trabaja a toda marcha en la construcci\u00f3n de la sede social de la Remodelaci\u00f3n Vi\u00f1a del Mar, con la idea de dotar a este tradicional barrio de Los Andes, de un espacio de reuni\u00f3n seguro y adecuado para la totalidad de sus vecinos y vecinas.<\/p>\n\n\n\n<p>El proyecto generado por la secretaria de Planificaci\u00f3n Comunal de la Municipalidad de Los Andes, seg\u00fan los requerimientos y necesidades expuestas por la Junta de Vecinos, apunta a solucionar una demanda planteada desde hace muchos a\u00f1os, dado que, desde los inicios del conjunto habitacional, nunca han contado con infraestructura comunitaria para el desarrollo de actividades sociales, y que hasta ahora depend\u00edan de disponibilidad de sedes sociales de sectores vecinos.<\/p>\n\n\n\n<p>El proyecto financiado por la Subsecretar\u00eda de Desarrollo Regional (SUBDERE), considera una superficie de 88 m2 y la construcci\u00f3n integral del equipamiento, siendo las obras m\u00e1s representativas, la edificaci\u00f3n en alba\u00f1iler\u00eda confinada, estructura de techumbre con su respectiva cubierta y evacuaci\u00f3n de aguas lluvias, instalaciones de servicios b\u00e1sicos y obras correspondientes al cumplimiento de normativa de accesibilidad universal.<\/p>\n\n\n\n<figure class=\"wp-block-gallery columns-1 is-cropped\"><ul class=\"blocks-gallery-grid\"><li class=\"blocks-gallery-item\"><figure><img loading=\"lazy\" width=\"1024\" height=\"682\" src=\"https:\/\/lavozdesanesteban.cl\/wp-content\/uploads\/2023\/02\/REMODELACION-1024x682.jpeg\" alt=\"\" data-id=\"2653\" data-full-url=\"https:\/\/lavozdesanesteban.cl\/wp-content\/uploads\/2023\/02\/REMODELACION.jpeg\" data-link=\"https:\/\/lavozdesanesteban.cl\/?attachment_id=2653\" class=\"wp-image-2653\" srcset=\"https:\/\/lavozdesanesteban.cl\/wp-content\/uploads\/2023\/02\/REMODELACION-1024x682.jpeg 1024w, https:\/\/lavozdesanesteban.cl\/wp-content\/uploads\/2023\/02\/REMODELACION-300x200.jpeg 300w, https:\/\/lavozdesanesteban.cl\/wp-content\/uploads\/2023\/02\/REMODELACION-768x512.jpeg 768w, https:\/\/lavozdesanesteban.cl\/wp-content\/uploads\/2023\/02\/REMODELACION-1536x1023.jpeg 1536w, https:\/\/lavozdesanesteban.cl\/wp-content\/uploads\/2023\/02\/REMODELACION-310x205.jpeg 310w, https:\/\/lavozdesanesteban.cl\/wp-content\/uploads\/2023\/02\/REMODELACION.jpeg 1600w\" sizes=\"(max-width: 1024px) 100vw, 1024px\" \/><\/figure><\/li><\/ul><\/figure>\n\n\n\n<p>Manuel Rivera, alcalde de Los Andes, coment\u00f3 que el proyecto inicial present\u00f3 dificultades que lo demoraron. \u201cEsta sede particularmente tuvo muchos problemas para iniciar, por los aumentos de precios en los insumos, en tiempo de pandemia que nos hizo declarar dos veces diserta la licitaci\u00f3n, afortunadamente con la \u00faltima empresa vamos con los plazos a tiempo; hemos revisado las dependencias que est\u00e1n quedando bastante hermosas, para este sector que data de 1974 y que no ten\u00eda una sede\u201d.<\/p>\n\n\n\n<p>Por su parte, Sebasti\u00e1n Brito, director de Secplan coment\u00f3 que \u201cesta sede es una necesidad de varios a\u00f1os para as\u00ed reunirse, entonces fue priorizada por esta gesti\u00f3n bajo un proyecto SUBDERE, con financiamiento de $60 millones de pesos y un aporte municipal de $15 millones de pesos. Hoy el proyecto se encuentra en su etapa final, ya estamos en las terminaciones, pero la obra gruesa est\u00e1 terminada\u201d.<\/p>\n\n\n\n<p>Finalmente se reiter\u00f3 por parte de las autoridades municipales que el objetivo principal de este proyecto, es potenciar la vida en comunidad y mantener activos a los vecinos, que en su gran mayor\u00eda corresponden a adultos mayores.<\/p>\n","protected":false},"excerpt":{"rendered":"<p>La obra se encuentra en etapa final de construcci\u00f3n y se espera su pronta entrega a la comunidad. Desde octubre pasado se trabaja a toda marcha en la construcci\u00f3n de la sede social de la Remodelaci\u00f3n Vi\u00f1a del Mar, con la idea de dotar a este tradicional barrio de Los Andes, de un espacio de &hellip;<\/p>\n","protected":false},"author":2,"featured_media":2654,"comment_status":"open","ping_status":"open","sticky":false,"template":"","format":"standard","meta":{"spay_email":""},"categories":[7],"tags":[8],"jetpack_featured_media_url":"https:\/\/lavozdesanesteban.cl\/wp-content\/uploads\/2023\/02\/PROYECTO.jpeg","_links":{"self":[{"href":"https:\/\/lavozdesanesteban.cl\/index.php\/wp-json\/wp\/v2\/posts\/2652"}],"collection":[{"href":"https:\/\/lavozdesanesteban.cl\/index.php\/wp-json\/wp\/v2\/posts"}],"about":[{"href":"https:\/\/lavozdesanesteban.cl\/index.php\/wp-json\/wp\/v2\/types\/post"}],"author":[{"embeddable":true,"href":"https:\/\/lavozdesanesteban.cl\/index.php\/wp-json\/wp\/v2\/users\/2"}],"replies":[{"embeddable":true,"href":"https:\/\/lavozdesanesteban.cl\/index.php\/wp-json\/wp\/v2\/comments?post=2652"}],"version-history":[{"count":1,"href":"https:\/\/lavozdesanesteban.cl\/index.php\/wp-json\/wp\/v2\/posts\/2652\/revisions"}],"predecessor-version":[{"id":2655,"href":"https:\/\/lavozdesanesteban.cl\/index.php\/wp-json\/wp\/v2\/posts\/2652\/revisions\/2655"}],"wp:featuredmedia":[{"embeddable":true,"href":"https:\/\/lavozdesanesteban.cl\/index.php\/wp-json\/wp\/v2\/media\/2654"}],"wp:attachment":[{"href":"https:\/\/lavozdesanesteban.cl\/index.php\/wp-json\/wp\/v2\/media?parent=2652"}],"wp:term":[{"taxonomy":"category","embeddable":true,"href":"https:\/\/lavozdesanesteban.cl\/index.php\/wp-json\/wp\/v2\/categories?post=2652"},{"taxonomy":"post_tag","embeddable":true,"href":"https:\/\/lavozdesanesteban.cl\/index.php\/wp-json\/wp\/v2\/tags?post=2652"}],"curies":[{"name":"wp","href":"https:\/\/api.w.org\/{rel}","templated":true}]}}