{"id":2660,"date":"2023-02-03T21:20:18","date_gmt":"2023-02-03T21:20:18","guid":{"rendered":"https:\/\/lavozdesanesteban.cl\/?p=2660"},"modified":"2023-02-03T21:20:22","modified_gmt":"2023-02-03T21:20:22","slug":"comunicado-n2","status":"publish","type":"post","link":"https:\/\/lavozdesanesteban.cl\/index.php\/2023\/02\/03\/comunicado-n2\/","title":{"rendered":"COMUNICADO N\u00b02"},"content":{"rendered":"\n<p><\/p>\n\n\n\n<p><strong>Coordinador El\u00e9ctrico Nacional actualiza informaci\u00f3n sobre situaci\u00f3n del sistema el\u00e9ctrico en la regi\u00f3n de \u00d1uble<\/strong><\/p>\n\n\n\n<ul><li><em>Operador del sistema informa que se han instruido medidas operacionales para mantener la continuidad de servicio en la zona, lo que incluye una reducci\u00f3n de los consumos en S\/E Chill\u00e1n, los que se recuperaron a las 16:48 horas.<\/em><\/li><\/ul>\n\n\n\n<p>Santiago, 3 de febrero de 2023. El Coordinador El\u00e9ctrico Nacional entrega una actualizaci\u00f3n sobre la situaci\u00f3n del Sistema El\u00e9ctrico Nacional a ra\u00edz de la serie de incendios y el alza de temperaturas que afectan especialmente a la regi\u00f3n del \u00d1uble.<\/p>\n\n\n\n<p>Considerando las proyecciones de altas temperaturas para la zona de Chill\u00e1n, como Coordinador hemos instruido medidas operacionales para mantener la continuidad de servicio en la zona. En este contexto, la l\u00ednea 154 kV Pueblo Seco &#8211; Chill\u00e1n ha presentado la mayor restricci\u00f3n, es as\u00ed como durante esta ma\u00f1ana los riesgos de afectaci\u00f3n derivados de los incendios hab\u00edan sido mitigados mediante adecuaciones de la topolog\u00eda con la que normalmente se abastece la zona, lo que implica que los consumos de la capital regional est\u00e1n siendo abastecidos desde un \u00fanico v\u00ednculo.<\/p>\n\n\n\n<p>Cabe se\u00f1alar que las temperaturas superaron los 41\u00b0C, por lo que para tener una afectaci\u00f3n lo m\u00e1s acotada posible, en coordinaci\u00f3n con las empresas transmisoras y distribuidoras de la zona, a las 14:42 horas se instruy\u00f3 una reducci\u00f3n de 5 MW de consumos en S\/E Chill\u00e1n por control transferencia en L\u00ednea 154 kV Charr\u00faa &#8211; Pueblo Seco. A las 16:48 horas ya se han recuperado el 100% de los consumos reducidos en esa subestaci\u00f3n.<\/p>\n\n\n\n<p>A ra\u00edz de las altas temperaturas, el Coordinador est\u00e1 monitoreando los niveles de transferencias en las l\u00edneas de transmisi\u00f3n que abastecen esta capital regional, con comunicaci\u00f3n directa con las empresas transmisoras y distribuidoras para tomar las medidas necesarias que permitan mantener la continuidad de servicio.<\/p>\n\n\n\n<p>Respecto de la situaci\u00f3n en otras regiones del pa\u00eds, hasta el momento, los riesgos que este jueves se vieron en el Biob\u00edo est\u00e1n bajo control, desde el punto de vista del normal funcionamiento del sistema de transmisi\u00f3n nacional y zonal, aunque el Coordinador sigue monitoreando la evoluci\u00f3n del efecto de los incendios y las altas temperaturas.<\/p>\n","protected":false},"excerpt":{"rendered":"<p>Coordinador El\u00e9ctrico Nacional actualiza informaci\u00f3n sobre situaci\u00f3n del sistema el\u00e9ctrico en la regi\u00f3n de \u00d1uble Operador del sistema informa que se han instruido medidas operacionales para mantener la continuidad de servicio en la zona, lo que incluye una reducci\u00f3n de los consumos en S\/E Chill\u00e1n, los que se recuperaron a las 16:48 horas. Santiago, 3 &hellip;<\/p>\n","protected":false},"author":2,"featured_media":2661,"comment_status":"open","ping_status":"open","sticky":false,"template":"","format":"standard","meta":{"spay_email":""},"categories":[4],"tags":[8],"jetpack_featured_media_url":"https:\/\/lavozdesanesteban.cl\/wp-content\/uploads\/2023\/02\/ELECTRICO.jpg","_links":{"self":[{"href":"https:\/\/lavozdesanesteban.cl\/index.php\/wp-json\/wp\/v2\/posts\/2660"}],"collection":[{"href":"https:\/\/lavozdesanesteban.cl\/index.php\/wp-json\/wp\/v2\/posts"}],"about":[{"href":"https:\/\/lavozdesanesteban.cl\/index.php\/wp-json\/wp\/v2\/types\/post"}],"author":[{"embeddable":true,"href":"https:\/\/lavozdesanesteban.cl\/index.php\/wp-json\/wp\/v2\/users\/2"}],"replies":[{"embeddable":true,"href":"https:\/\/lavozdesanesteban.cl\/index.php\/wp-json\/wp\/v2\/comments?post=2660"}],"version-history":[{"count":1,"href":"https:\/\/lavozdesanesteban.cl\/index.php\/wp-json\/wp\/v2\/posts\/2660\/revisions"}],"predecessor-version":[{"id":2662,"href":"https:\/\/lavozdesanesteban.cl\/index.php\/wp-json\/wp\/v2\/posts\/2660\/revisions\/2662"}],"wp:featuredmedia":[{"embeddable":true,"href":"https:\/\/lavozdesanesteban.cl\/index.php\/wp-json\/wp\/v2\/media\/2661"}],"wp:attachment":[{"href":"https:\/\/lavozdesanesteban.cl\/index.php\/wp-json\/wp\/v2\/media?parent=2660"}],"wp:term":[{"taxonomy":"category","embeddable":true,"href":"https:\/\/lavozdesanesteban.cl\/index.php\/wp-json\/wp\/v2\/categories?post=2660"},{"taxonomy":"post_tag","embeddable":true,"href":"https:\/\/lavozdesanesteban.cl\/index.php\/wp-json\/wp\/v2\/tags?post=2660"}],"curies":[{"name":"wp","href":"https:\/\/api.w.org\/{rel}","templated":true}]}}