{"id":275,"date":"2022-02-01T19:27:52","date_gmt":"2022-02-01T19:27:52","guid":{"rendered":"https:\/\/lavozdesanesteban.cl\/?p=275"},"modified":"2022-02-01T19:27:53","modified_gmt":"2022-02-01T19:27:53","slug":"municipio-andino-y-carabineros-continuan-fiscalizaciones-en-el-sector-del-mirador-de-avenida-enrique-de-la-fuente","status":"publish","type":"post","link":"https:\/\/lavozdesanesteban.cl\/index.php\/2022\/02\/01\/municipio-andino-y-carabineros-continuan-fiscalizaciones-en-el-sector-del-mirador-de-avenida-enrique-de-la-fuente\/","title":{"rendered":"Municipio andino y Carabineros contin\u00faan fiscalizaciones en el sector del mirador de Avenida Enrique de la Fuente"},"content":{"rendered":"\n<p><\/p>\n\n\n\n<p><em>Como parte de un plan de acci\u00f3n anunciado por ambas instituciones<\/em><\/p>\n\n\n\n<p>Equipos de Seguridad P\u00fablica de la Municipalidad de Los Andes, en conjunto con Carabineros realizaron un operativo de fiscalizaci\u00f3n en el sector del mirador en Avenida Enrique de la Fuente, dando comienzo a las acciones previamente anunciadas, que buscan reforzar las condiciones de seguridad con el fin de dar fin a las fiestas masivas, carreras clandestinas y situaciones similares que afectan la paz de los vecinos que viven en zonas aleda\u00f1as.<\/p>\n\n\n\n<p>De esta manera, el operativo en concreto const\u00f3 de amplia presencia policial, sumando cuatro veh\u00edculos y m\u00e1s de una decena de efectivos que se mantuvieron en el \u00e1rea junto al personal de Seguridad P\u00fablica municipal, quienes efectuaron intensas rondas durante la noche, evitando as\u00ed la llegada de participantes de fiestas y carreras clandestinas entre otros.<\/p>\n\n\n\n<p>El teniente Juan Medina se refiri\u00f3 al tema comentando que \u201chemos recibido las quejas de los vecinos de este sector, quienes se han visto afectados por situaciones desagradables, y por eso junto al equipo de Seguridad P\u00fablica hemos decidido tomar cartas en el asunto, desplegando un fuerte contingente policial que durante el fin de semana estar\u00e1 constantemente en el lugar, esperando ser un aporte permanente en temas de seguridad para los vecinos\u201d.<\/p>\n\n\n\n<p>Por su parte, Yasna Canales, coordinadora de patrullaje preventivo de la Municipalidad de Los Andes, mencion\u00f3 sobre este operativo: \u201cesta fiscalizaci\u00f3n responde a la amplia coordinaci\u00f3n que se ha llevado a cabo con distintos actores como lo son Carabineros, y las juntas de vecinos de los sectores aleda\u00f1os, que finalmente han generado la instancia para lograr gestionar un plan de acci\u00f3n ante las problem\u00e1ticas que desde hace un tiempo han aquejado a los vecinos y vecinas del sector\u201d.<\/p>\n","protected":false},"excerpt":{"rendered":"<p>Como parte de un plan de acci\u00f3n anunciado por ambas instituciones Equipos de Seguridad P\u00fablica de la Municipalidad de Los Andes, en conjunto con Carabineros realizaron un operativo de fiscalizaci\u00f3n en el sector del mirador en Avenida Enrique de la Fuente, dando comienzo a las acciones previamente anunciadas, que buscan reforzar las condiciones de seguridad &hellip;<\/p>\n","protected":false},"author":2,"featured_media":276,"comment_status":"open","ping_status":"open","sticky":false,"template":"","format":"standard","meta":{"spay_email":""},"categories":[7],"tags":[8],"jetpack_featured_media_url":"https:\/\/lavozdesanesteban.cl\/wp-content\/uploads\/2022\/02\/2.jpg","_links":{"self":[{"href":"https:\/\/lavozdesanesteban.cl\/index.php\/wp-json\/wp\/v2\/posts\/275"}],"collection":[{"href":"https:\/\/lavozdesanesteban.cl\/index.php\/wp-json\/wp\/v2\/posts"}],"about":[{"href":"https:\/\/lavozdesanesteban.cl\/index.php\/wp-json\/wp\/v2\/types\/post"}],"author":[{"embeddable":true,"href":"https:\/\/lavozdesanesteban.cl\/index.php\/wp-json\/wp\/v2\/users\/2"}],"replies":[{"embeddable":true,"href":"https:\/\/lavozdesanesteban.cl\/index.php\/wp-json\/wp\/v2\/comments?post=275"}],"version-history":[{"count":1,"href":"https:\/\/lavozdesanesteban.cl\/index.php\/wp-json\/wp\/v2\/posts\/275\/revisions"}],"predecessor-version":[{"id":277,"href":"https:\/\/lavozdesanesteban.cl\/index.php\/wp-json\/wp\/v2\/posts\/275\/revisions\/277"}],"wp:featuredmedia":[{"embeddable":true,"href":"https:\/\/lavozdesanesteban.cl\/index.php\/wp-json\/wp\/v2\/media\/276"}],"wp:attachment":[{"href":"https:\/\/lavozdesanesteban.cl\/index.php\/wp-json\/wp\/v2\/media?parent=275"}],"wp:term":[{"taxonomy":"category","embeddable":true,"href":"https:\/\/lavozdesanesteban.cl\/index.php\/wp-json\/wp\/v2\/categories?post=275"},{"taxonomy":"post_tag","embeddable":true,"href":"https:\/\/lavozdesanesteban.cl\/index.php\/wp-json\/wp\/v2\/tags?post=275"}],"curies":[{"name":"wp","href":"https:\/\/api.w.org\/{rel}","templated":true}]}}