{"id":2898,"date":"2023-03-08T00:50:29","date_gmt":"2023-03-08T00:50:29","guid":{"rendered":"https:\/\/lavozdesanesteban.cl\/?p=2898"},"modified":"2023-03-08T00:50:32","modified_gmt":"2023-03-08T00:50:32","slug":"inauguran-anhelada-sede-de-la-union-comunal-de-adultos-mayores-en-san-esteban","status":"publish","type":"post","link":"https:\/\/lavozdesanesteban.cl\/index.php\/2023\/03\/08\/inauguran-anhelada-sede-de-la-union-comunal-de-adultos-mayores-en-san-esteban\/","title":{"rendered":"Inauguran anhelada sede de la Uni\u00f3n Comunal de Adultos Mayores en San Esteban"},"content":{"rendered":"\n<p><\/p>\n\n\n\n<p>Proyecto, que llevar\u00e1 por nombre \u00abManuel Mart\u00ednez\u00bb, en honor del presidente de la UCAM sanestebina, tuvo un costo de inversi\u00f3n superior a los 88 millones de pesos del Gobierno Regional.<\/p>\n\n\n\n<p>Con la presencia del Alcalde Christian Ortega, autoridades comunales y provinciales, y representantes de clubes de Adultos mayores, se realiz\u00f3 la inauguraci\u00f3n de uno de la sede de la Uni\u00f3n Comunal de Adultos Mayores, recinto que responde a una sentida necesidad de la comunidad y que cuenta con todas las comodidades para el desarrollo de actividades y ceremonias.<\/p>\n\n\n\n<p>Durante la instancia, el Alcalde Ortega valor\u00f3 el trabajo que realizan las organizaciones en la comuna, especialmente, los adultos mayores, quienes mantienen un trabajo constante y mancomunado con la administraci\u00f3n municipal.<\/p>\n\n\n\n<p>\u00abNos pone muy contentos poder inaugurar esta nueva y moderno sede, porque viene a responder a una necesidad de la comunidad. Ahora, los adultos mayores de San Esteban tendr\u00e1n un espacio para sus reuniones y podr\u00e1n desarrollar ac\u00e1 todas las actividades que estimen. Finalmente, nuestro trabajo est\u00e1 enfocado en dar respuesta a los requerimientos de nuestros vecinos\u00bb, manifest\u00f3 el jefe comunal.<\/p>\n\n\n\n<figure class=\"wp-block-gallery columns-1 is-cropped\"><ul class=\"blocks-gallery-grid\"><li class=\"blocks-gallery-item\"><figure><img loading=\"lazy\" width=\"1024\" height=\"656\" src=\"https:\/\/lavozdesanesteban.cl\/wp-content\/uploads\/2023\/03\/SEDE.-1024x656.jpeg\" alt=\"\" data-id=\"2899\" data-full-url=\"https:\/\/lavozdesanesteban.cl\/wp-content\/uploads\/2023\/03\/SEDE..jpeg\" data-link=\"https:\/\/lavozdesanesteban.cl\/?attachment_id=2899\" class=\"wp-image-2899\" srcset=\"https:\/\/lavozdesanesteban.cl\/wp-content\/uploads\/2023\/03\/SEDE.-1024x656.jpeg 1024w, https:\/\/lavozdesanesteban.cl\/wp-content\/uploads\/2023\/03\/SEDE.-300x192.jpeg 300w, https:\/\/lavozdesanesteban.cl\/wp-content\/uploads\/2023\/03\/SEDE.-768x492.jpeg 768w, https:\/\/lavozdesanesteban.cl\/wp-content\/uploads\/2023\/03\/SEDE..jpeg 1280w\" sizes=\"(max-width: 1024px) 100vw, 1024px\" \/><\/figure><\/li><\/ul><\/figure>\n\n\n\n<p>Al finalizar la ceremonia, las autoridades sorprendieron al Presidente de la UCAM de la comuna, Manuel Mart\u00ednez, poni\u00e9ndole su nombre a esta nueva infraestructura, homenajeando su tarea desinteresada a trav\u00e9s de los a\u00f1os en pos de mejorar la calidad de vida de los adultos mayores sanestebinos.<\/p>\n\n\n\n<p>\u00abEs muy emocionante recibir este homenaje. Hace mucho tiempo que esper\u00e1bamos tener nuestra sede. Afortunadamente, hoy pudimos inaugurarla y nos pone felices. Agradezco al Alcalde y a todo el municipio por su apoyo\u00bb, se\u00f1al\u00f3 Manuel Mart\u00ednez.<\/p>\n\n\n\n<p>A la ceremonia tambi\u00e9n asistieron las Consejeras Regionales, Mar\u00eda Victoria Rodr\u00edguez y Edith Quiroz, quienes afirmaron que una de las principales tareas del Gobierno Regional es financiar proyectos de adelanto para las comunidades.<\/p>\n\n\n\n<p>Esta construcci\u00f3n, tuvo un costo de inversi\u00f3n cercano a los 89 millones de pesos a trav\u00e9s del Gobierno Regional, fue ejecutado en 180 d\u00edas y tiene una dimensi\u00f3n de 114,40 metros cuadrados. Cuenta con accesos apto para personas con movilidad reducida.<\/p>\n","protected":false},"excerpt":{"rendered":"<p>Proyecto, que llevar\u00e1 por nombre \u00abManuel Mart\u00ednez\u00bb, en honor del presidente de la UCAM sanestebina, tuvo un costo de inversi\u00f3n superior a los 88 millones de pesos del Gobierno Regional. Con la presencia del Alcalde Christian Ortega, autoridades comunales y provinciales, y representantes de clubes de Adultos mayores, se realiz\u00f3 la inauguraci\u00f3n de uno de &hellip;<\/p>\n","protected":false},"author":2,"featured_media":2900,"comment_status":"open","ping_status":"open","sticky":false,"template":"","format":"standard","meta":{"spay_email":""},"categories":[2],"tags":[8],"jetpack_featured_media_url":"https:\/\/lavozdesanesteban.cl\/wp-content\/uploads\/2023\/03\/SEDE.jpeg","_links":{"self":[{"href":"https:\/\/lavozdesanesteban.cl\/index.php\/wp-json\/wp\/v2\/posts\/2898"}],"collection":[{"href":"https:\/\/lavozdesanesteban.cl\/index.php\/wp-json\/wp\/v2\/posts"}],"about":[{"href":"https:\/\/lavozdesanesteban.cl\/index.php\/wp-json\/wp\/v2\/types\/post"}],"author":[{"embeddable":true,"href":"https:\/\/lavozdesanesteban.cl\/index.php\/wp-json\/wp\/v2\/users\/2"}],"replies":[{"embeddable":true,"href":"https:\/\/lavozdesanesteban.cl\/index.php\/wp-json\/wp\/v2\/comments?post=2898"}],"version-history":[{"count":1,"href":"https:\/\/lavozdesanesteban.cl\/index.php\/wp-json\/wp\/v2\/posts\/2898\/revisions"}],"predecessor-version":[{"id":2901,"href":"https:\/\/lavozdesanesteban.cl\/index.php\/wp-json\/wp\/v2\/posts\/2898\/revisions\/2901"}],"wp:featuredmedia":[{"embeddable":true,"href":"https:\/\/lavozdesanesteban.cl\/index.php\/wp-json\/wp\/v2\/media\/2900"}],"wp:attachment":[{"href":"https:\/\/lavozdesanesteban.cl\/index.php\/wp-json\/wp\/v2\/media?parent=2898"}],"wp:term":[{"taxonomy":"category","embeddable":true,"href":"https:\/\/lavozdesanesteban.cl\/index.php\/wp-json\/wp\/v2\/categories?post=2898"},{"taxonomy":"post_tag","embeddable":true,"href":"https:\/\/lavozdesanesteban.cl\/index.php\/wp-json\/wp\/v2\/tags?post=2898"}],"curies":[{"name":"wp","href":"https:\/\/api.w.org\/{rel}","templated":true}]}}