{"id":3270,"date":"2023-06-01T03:02:16","date_gmt":"2023-06-01T03:02:16","guid":{"rendered":"https:\/\/lavozdesanesteban.cl\/?p=3270"},"modified":"2023-06-01T03:02:20","modified_gmt":"2023-06-01T03:02:20","slug":"programa-apicultura-comunitaria-colbun-cuadriplica-cosecha-de-miel-en-sus-centrales","status":"publish","type":"post","link":"https:\/\/lavozdesanesteban.cl\/index.php\/2023\/06\/01\/programa-apicultura-comunitaria-colbun-cuadriplica-cosecha-de-miel-en-sus-centrales\/","title":{"rendered":"PROGRAMA APICULTURA COMUNITARIA COLB\u00daN CUADRIPLICA COSECHA DE MIEL EN SUS CENTRALES"},"content":{"rendered":"\n<p><\/p>\n\n\n\n<p><strong>La iniciativa se desarrolla en conjunto con la <a>Agrupaci\u00f3n de Integraci\u00f3n Apicultores San Esteban<\/a>.<\/strong><\/p>\n\n\n\n<p>Una producci\u00f3n total de 1.460 kilos de miel logr\u00f3 la cosecha en los terrenos de las centrales hidroel\u00e9ctricas Hornitos y Aconcagua durante la temporada 2022-2023, en el marco del Programa \u201cApicultura Comunitaria Colb\u00fan\u201d que la empresa generadora impulsa en el Camino Internacional, en conjunto con la <a>Agrupaci\u00f3n de Integraci\u00f3n Apicultores de San Esteban<\/a>. La cifra cuadriplica lo obtenido en el periodo 2021-2022, en la que se alcanz\u00f3 350 kilogramos. &nbsp;<\/p>\n\n\n\n<p>El programa \u201cApicultura Comunitaria Colb\u00fan\u201d ha buscado disponibilizar bosques y plantaciones nativas en terrenos de la compa\u00f1\u00eda, de modo de que los apicultores locales puedan alimentar con flora nativa a sus abejas y, a su vez, mejorar los ecosistemas a trav\u00e9s de la polinizaci\u00f3n.<\/p>\n\n\n\n<p>Julio Figueroa, apicultor y presidente de la Agrupaci\u00f3n de Integraci\u00f3n Apicultores de San Esteban destac\u00f3 la experiencia que benefici\u00f3 a sus compa\u00f1eros. \u201cMuy bueno el programa. Todos los colegas est\u00e1n agradecidos, s\u00faper conformes y contentos con este convenio. Nosotros rescatamos el financiamiento para los an\u00e1lisis meliso paleol\u00f3gico con el que hemos podido darle un valor agregado a nuestras mieles, con una denominaci\u00f3n de acuerdo al sector donde instalamos nuestras colmenas y la afloraci\u00f3n del bosque escler\u00f3filo. Tambi\u00e9n hemos sido beneficiarios de asesor\u00edas especialistas y nos aportan con pallets para hacer cercos y banquillos. Nos facilitan sus instalaciones, lo que es de gran beneficio porque hay algunas personas que no tienen terrenos o sitios inscritos a su nombre para poder hacer apicultura\u201d.<\/p>\n\n\n\n<p>Los apicultores que participaron del programa agradecieron a Colb\u00fan por la iniciativa que este a\u00f1o les permiti\u00f3 aumentar sus cosechas. \u00c1ngel Cabrera, beneficiario, se\u00f1al\u00f3 que \u201ceste a\u00f1o fue bastante positivo con respecto al anterior. Esperamos que se repita. Cosechamos m\u00e1s este a\u00f1o porque las abejas estaban climatizadas y se pudo trabajar mejor con ellas. Todo lo que es el sector de R\u00edo Blanco hubo una afloraci\u00f3n de miel que el a\u00f1o pasado no hubo y eso obviamente fue lo que ayud\u00f3 a que la cosecha fuera buena. Esto impacta en mi negocio de forma positiva, porque habiendo un lugar donde haya una floraci\u00f3n nativa y donde se asemeje al lugar donde yo vivo, que es en el campo, me ayuda porque as\u00ed no altera la calidad del producto\u201d.<\/p>\n\n\n\n<p>Por su parte, Luis Lillo, apicultor, dijo que \u201cfue un excelente a\u00f1o. El programa fue excelente y nos han dado muy buenos resultados. El tener las abejas all\u00e1 arriba es un gran beneficio para nosotros porque ac\u00e1 en el centro hay muchas fumigaciones y matanzas de abejas. Ojal\u00e1 que sigamos y continuemos con esto para dejar un buen legado para las generaciones futuras. Estoy agradecido por todas las oportunidades que nos han dado y ojal\u00e1 que sigan estos programas. Nuestra miel al traerla de plena cordillera es una miel pura, que no se da en cualquier parte, y estoy muy agradecido de eso\u201d.<\/p>\n\n\n\n<p>Finalmente, Luc\u00eda Vilches, especialista ambiental de Colb\u00fan y quien encabeza el Programa de \u201cApicultura Comunitaria\u201d dijo que \u201cestamos gratamente sorprendidos de los buenos resultados de este a\u00f1o del Programa Apicultura Comunitaria, compartiendo la mejor energ\u00eda de nuestros bosques, ya que por un lado agregamos un nuevo sector para que los apicultores puedan llevar sus colmenas; y, por otro lado, aument\u00f3 en cantidad de miel cosechada. Con los apicultores de San Esteban y PRODESAL vamos por el tercer a\u00f1o trabajando de manera mancomunada y colaborativa, en donde visitamos cada a\u00f1o los potenciales sectores con bosques nativos en donde las abejas puedan desarrollarse de mejor forma, tengan flores para poder polinizar y tenga una fuente de agua cercana\u201d<\/p>\n\n\n\n<p>Cabe destacar que el Programa \u201cApicultura Comunitaria Colb\u00fan\u201d abarca actualmente 8 comunas y m\u00e1s de 400 hect\u00e1reas, siendo reconocida el 2021 por el concurso \u201cBuenas pr\u00e1cticas para un futuro el\u00e9ctrico m\u00e1s sostenible 2020\u201d de Generadoras de Chile y por la Red Pacto Global Chile, siendo un ejemplo de asociatividad entre la empresa privada, sector p\u00fablico, la academia y la comunidad local.<\/p>\n","protected":false},"excerpt":{"rendered":"<p>La iniciativa se desarrolla en conjunto con la Agrupaci\u00f3n de Integraci\u00f3n Apicultores San Esteban. Una producci\u00f3n total de 1.460 kilos de miel logr\u00f3 la cosecha en los terrenos de las centrales hidroel\u00e9ctricas Hornitos y Aconcagua durante la temporada 2022-2023, en el marco del Programa \u201cApicultura Comunitaria Colb\u00fan\u201d que la empresa generadora impulsa en el Camino &hellip;<\/p>\n","protected":false},"author":2,"featured_media":3271,"comment_status":"open","ping_status":"open","sticky":false,"template":"","format":"standard","meta":{"spay_email":""},"categories":[2],"tags":[8],"jetpack_featured_media_url":"https:\/\/lavozdesanesteban.cl\/wp-content\/uploads\/2023\/06\/APICULTURA.jpg","_links":{"self":[{"href":"https:\/\/lavozdesanesteban.cl\/index.php\/wp-json\/wp\/v2\/posts\/3270"}],"collection":[{"href":"https:\/\/lavozdesanesteban.cl\/index.php\/wp-json\/wp\/v2\/posts"}],"about":[{"href":"https:\/\/lavozdesanesteban.cl\/index.php\/wp-json\/wp\/v2\/types\/post"}],"author":[{"embeddable":true,"href":"https:\/\/lavozdesanesteban.cl\/index.php\/wp-json\/wp\/v2\/users\/2"}],"replies":[{"embeddable":true,"href":"https:\/\/lavozdesanesteban.cl\/index.php\/wp-json\/wp\/v2\/comments?post=3270"}],"version-history":[{"count":1,"href":"https:\/\/lavozdesanesteban.cl\/index.php\/wp-json\/wp\/v2\/posts\/3270\/revisions"}],"predecessor-version":[{"id":3272,"href":"https:\/\/lavozdesanesteban.cl\/index.php\/wp-json\/wp\/v2\/posts\/3270\/revisions\/3272"}],"wp:featuredmedia":[{"embeddable":true,"href":"https:\/\/lavozdesanesteban.cl\/index.php\/wp-json\/wp\/v2\/media\/3271"}],"wp:attachment":[{"href":"https:\/\/lavozdesanesteban.cl\/index.php\/wp-json\/wp\/v2\/media?parent=3270"}],"wp:term":[{"taxonomy":"category","embeddable":true,"href":"https:\/\/lavozdesanesteban.cl\/index.php\/wp-json\/wp\/v2\/categories?post=3270"},{"taxonomy":"post_tag","embeddable":true,"href":"https:\/\/lavozdesanesteban.cl\/index.php\/wp-json\/wp\/v2\/tags?post=3270"}],"curies":[{"name":"wp","href":"https:\/\/api.w.org\/{rel}","templated":true}]}}