{"id":3279,"date":"2023-06-02T02:59:45","date_gmt":"2023-06-02T02:59:45","guid":{"rendered":"https:\/\/lavozdesanesteban.cl\/?p=3279"},"modified":"2023-06-02T02:59:49","modified_gmt":"2023-06-02T02:59:49","slug":"la-proxima-semana-inicia-funcionamiento-albergue-municipal-en-horario-24-7","status":"publish","type":"post","link":"https:\/\/lavozdesanesteban.cl\/index.php\/2023\/06\/02\/la-proxima-semana-inicia-funcionamiento-albergue-municipal-en-horario-24-7\/","title":{"rendered":"La pr\u00f3xima semana inicia funcionamiento albergue municipal en horario 24\/7"},"content":{"rendered":"\n<p><\/p>\n\n\n\n<p><em>Est\u00e1 todo listo para recibir a 20 usuarios\/as en situaci\u00f3n de calle<\/em><\/p>\n\n\n\n<p>El municipio de Los Andes ya se adjudic\u00f3 recursos del programa Noche Digna del Ministerio de Desarrollo Social al que postul\u00f3 para el funcionamiento en \u00e9poca invernal del albergue municipal de avenida Salvador Allende.<\/p>\n\n\n\n<p>Si bien el albergue ha mantenido abierta sus puertas durante las noches, la decisi\u00f3n de adelantar el funcionamiento con cobertura total favorece a las personas en situaci\u00f3n de calle, que hoy se encuentran deambulando durante el d\u00eda en plazas y parques.<\/p>\n\n\n\n<p>En la actualidad los usuarios asisten de 20:00 a 08:00 horas, pudiendo pernoctar, ba\u00f1ar y alimentarse.<\/p>\n\n\n\n<p>El director de Desarrollo Comunitario de Los Andes, Ignacio Le\u00f3n dijo que \u201ceste dispositivo les dar\u00e1 la posibilidad a 20 personas de participar del programa por 120 d\u00edas, as\u00ed, que luego de superar todos los procesos administrativos, estamos en condiciones de abrir el albergue a principios del mes de junio\u201d.<\/p>\n\n\n\n<p>El albergue funciona 24 horas durante los 7 d\u00edas de la semana, desayuno, almuerzo, cena, adem\u00e1s de prestaciones psicosociales, controles de salud, y un trabajo colaborativo de fundaciones, instituciones y tambi\u00e9n con los vecinos \/as de la poblaci\u00f3n Ambrosio O\u00b4Higgins.<\/p>\n\n\n\n<p>Cabe recordar que el Programa Noche Digna, depende de la Subsecretar\u00eda de Servicios Sociales del Ministerio de Desarrollo Social y tiene como objetivo: \u201cContribuir al desarrollo humano, econ\u00f3mico y social de Chile, logrando mayores niveles de inclusi\u00f3n social\u201d. Su prop\u00f3sito es: \u201cPersonas en situaci\u00f3n de calle acceden a servicios sociales b\u00e1sicos, orientados a brindarles protecci\u00f3n y oportunidades para la superaci\u00f3n de su situaci\u00f3n\u201d.<\/p>\n","protected":false},"excerpt":{"rendered":"<p>Est\u00e1 todo listo para recibir a 20 usuarios\/as en situaci\u00f3n de calle El municipio de Los Andes ya se adjudic\u00f3 recursos del programa Noche Digna del Ministerio de Desarrollo Social al que postul\u00f3 para el funcionamiento en \u00e9poca invernal del albergue municipal de avenida Salvador Allende. Si bien el albergue ha mantenido abierta sus puertas &hellip;<\/p>\n","protected":false},"author":2,"featured_media":3280,"comment_status":"open","ping_status":"open","sticky":false,"template":"","format":"standard","meta":{"spay_email":""},"categories":[7],"tags":[8],"jetpack_featured_media_url":"https:\/\/lavozdesanesteban.cl\/wp-content\/uploads\/2023\/06\/ALBERGUE.jpeg","_links":{"self":[{"href":"https:\/\/lavozdesanesteban.cl\/index.php\/wp-json\/wp\/v2\/posts\/3279"}],"collection":[{"href":"https:\/\/lavozdesanesteban.cl\/index.php\/wp-json\/wp\/v2\/posts"}],"about":[{"href":"https:\/\/lavozdesanesteban.cl\/index.php\/wp-json\/wp\/v2\/types\/post"}],"author":[{"embeddable":true,"href":"https:\/\/lavozdesanesteban.cl\/index.php\/wp-json\/wp\/v2\/users\/2"}],"replies":[{"embeddable":true,"href":"https:\/\/lavozdesanesteban.cl\/index.php\/wp-json\/wp\/v2\/comments?post=3279"}],"version-history":[{"count":1,"href":"https:\/\/lavozdesanesteban.cl\/index.php\/wp-json\/wp\/v2\/posts\/3279\/revisions"}],"predecessor-version":[{"id":3281,"href":"https:\/\/lavozdesanesteban.cl\/index.php\/wp-json\/wp\/v2\/posts\/3279\/revisions\/3281"}],"wp:featuredmedia":[{"embeddable":true,"href":"https:\/\/lavozdesanesteban.cl\/index.php\/wp-json\/wp\/v2\/media\/3280"}],"wp:attachment":[{"href":"https:\/\/lavozdesanesteban.cl\/index.php\/wp-json\/wp\/v2\/media?parent=3279"}],"wp:term":[{"taxonomy":"category","embeddable":true,"href":"https:\/\/lavozdesanesteban.cl\/index.php\/wp-json\/wp\/v2\/categories?post=3279"},{"taxonomy":"post_tag","embeddable":true,"href":"https:\/\/lavozdesanesteban.cl\/index.php\/wp-json\/wp\/v2\/tags?post=3279"}],"curies":[{"name":"wp","href":"https:\/\/api.w.org\/{rel}","templated":true}]}}