{"id":3285,"date":"2023-06-02T03:07:31","date_gmt":"2023-06-02T03:07:31","guid":{"rendered":"https:\/\/lavozdesanesteban.cl\/?p=3285"},"modified":"2023-06-02T03:07:35","modified_gmt":"2023-06-02T03:07:35","slug":"liceo-republica-argentina-celebra-130-anos-con-concurso-literario-mis-recuerdos-del-lra","status":"publish","type":"post","link":"https:\/\/lavozdesanesteban.cl\/index.php\/2023\/06\/02\/liceo-republica-argentina-celebra-130-anos-con-concurso-literario-mis-recuerdos-del-lra\/","title":{"rendered":"Liceo Rep\u00fablica Argentina celebra 130 a\u00f1os con concurso literario \u201cMis recuerdos del LRA\u201d"},"content":{"rendered":"\n<p><\/p>\n\n\n\n<p><em>Creaciones se reciben hasta el 16 de junio en el establecimiento o en el correo <\/em><a href=\"mailto:cra2023@lralosandes.cl\"><em>cra2023@lralosandes.cl<\/em><\/a><em><\/em><\/p>\n\n\n\n<p>Hace unos d\u00edas la comunidad educativa del Liceo Rep\u00fablica Argentina de Los Andes organiz\u00f3 una gran comparsa que visti\u00f3 de mucha alegr\u00eda, m\u00fasica y colores las calles de la comuna, energ\u00eda que contagi\u00f3 a vecinos y vecinas en la celebraci\u00f3n de los 130 a\u00f1os de existencia del hist\u00f3rico establecimiento educacional andino. Para continuar con la festividad, se lanz\u00f3 un concurso literario, convocatoria que invita a aportar con cuentos, microcuentos o relatos alusivos a la unidad educativa, denominado: \u201cMis recuerdos del LRA\u201d.<\/p>\n\n\n\n<p>Yenny Arroyo,&nbsp; directora del Liceo Rep\u00fablica Argentina, se\u00f1al\u00f3 que la convocatoria es abierta a alumnos, docentes, exalumnos, extrabajadores o toda persona que tenga alguna historia que contar, siempre relacionada con el establecimiento educacional: \u201cquisimos darle realce a estos 130 a\u00f1os de historia y que toda la gente de la comunidad andina que ha sido parte de este establecimiento&nbsp; tambi\u00e9n comparta sus vivencias\u201d.<\/p>\n\n\n\n<p>La invitaci\u00f3n es a personas desde los 14 a\u00f1os a inspirarse y escribir una historia, poema, relato breve de m\u00e1ximo una plana hasta el 16 de junio, permiti\u00e9ndose poemas, cuentos, microrrelatos o mini ensayos, entre otras expresiones, con reflexiones, an\u00e9cdotas o ficci\u00f3n, todo ligado al LRA.<\/p>\n\n\n\n<p>La iniciativa que se realiza por primera vez en el liceo, nace del CRA del establecimiento. Amalia Soto, coordinadora CRA del plantel educativo, dijo sobre esta invitaci\u00f3n a participar: \u201ces muy importante poder rescatar la historia, las vivencias, la memoria colectiva de la comunidad con el Liceo Rep\u00fablica Argentina. Hay cosas muy emotivas y muy bonitas que uno ha vivido en estas aulas, en los patios, en este colegio (actualmente en Independencia) tambi\u00e9n se han creado muchas vivencias desde que estamos ac\u00e1\u201d.<\/p>\n\n\n\n<p>Para conocer las bases del concurso, los interesados pueden dirigirse al establecimiento en Avenida Independencia 255, al correo <a href=\"mailto:cra2023@lralosandes.cl\">cra2023@lralosandes.cl<\/a> o en las redes sociales en Instagram @lra_oficial o Facebook Liceo Rep\u00fablica Argentina Los Andes.<\/p>\n","protected":false},"excerpt":{"rendered":"<p>Creaciones se reciben hasta el 16 de junio en el establecimiento o en el correo cra2023@lralosandes.cl Hace unos d\u00edas la comunidad educativa del Liceo Rep\u00fablica Argentina de Los Andes organiz\u00f3 una gran comparsa que visti\u00f3 de mucha alegr\u00eda, m\u00fasica y colores las calles de la comuna, energ\u00eda que contagi\u00f3 a vecinos y vecinas en la &hellip;<\/p>\n","protected":false},"author":2,"featured_media":3286,"comment_status":"open","ping_status":"open","sticky":false,"template":"","format":"standard","meta":{"spay_email":""},"categories":[7],"tags":[8],"jetpack_featured_media_url":"https:\/\/lavozdesanesteban.cl\/wp-content\/uploads\/2023\/06\/RELATOS-scaled.jpg","_links":{"self":[{"href":"https:\/\/lavozdesanesteban.cl\/index.php\/wp-json\/wp\/v2\/posts\/3285"}],"collection":[{"href":"https:\/\/lavozdesanesteban.cl\/index.php\/wp-json\/wp\/v2\/posts"}],"about":[{"href":"https:\/\/lavozdesanesteban.cl\/index.php\/wp-json\/wp\/v2\/types\/post"}],"author":[{"embeddable":true,"href":"https:\/\/lavozdesanesteban.cl\/index.php\/wp-json\/wp\/v2\/users\/2"}],"replies":[{"embeddable":true,"href":"https:\/\/lavozdesanesteban.cl\/index.php\/wp-json\/wp\/v2\/comments?post=3285"}],"version-history":[{"count":1,"href":"https:\/\/lavozdesanesteban.cl\/index.php\/wp-json\/wp\/v2\/posts\/3285\/revisions"}],"predecessor-version":[{"id":3287,"href":"https:\/\/lavozdesanesteban.cl\/index.php\/wp-json\/wp\/v2\/posts\/3285\/revisions\/3287"}],"wp:featuredmedia":[{"embeddable":true,"href":"https:\/\/lavozdesanesteban.cl\/index.php\/wp-json\/wp\/v2\/media\/3286"}],"wp:attachment":[{"href":"https:\/\/lavozdesanesteban.cl\/index.php\/wp-json\/wp\/v2\/media?parent=3285"}],"wp:term":[{"taxonomy":"category","embeddable":true,"href":"https:\/\/lavozdesanesteban.cl\/index.php\/wp-json\/wp\/v2\/categories?post=3285"},{"taxonomy":"post_tag","embeddable":true,"href":"https:\/\/lavozdesanesteban.cl\/index.php\/wp-json\/wp\/v2\/tags?post=3285"}],"curies":[{"name":"wp","href":"https:\/\/api.w.org\/{rel}","templated":true}]}}