{"id":3288,"date":"2023-06-02T03:11:12","date_gmt":"2023-06-02T03:11:12","guid":{"rendered":"https:\/\/lavozdesanesteban.cl\/?p=3288"},"modified":"2023-06-02T03:11:16","modified_gmt":"2023-06-02T03:11:16","slug":"realizan-lanzamiento-provincial-del-plan-nacional-de-tutorias-en-escuela-victor-koerner-de-calle-larga","status":"publish","type":"post","link":"https:\/\/lavozdesanesteban.cl\/index.php\/2023\/06\/02\/realizan-lanzamiento-provincial-del-plan-nacional-de-tutorias-en-escuela-victor-koerner-de-calle-larga\/","title":{"rendered":"Realizan lanzamiento provincial del Plan Nacional de Tutor\u00edas en  Escuela V\u00edctor K\u00f6erner de Calle Larga"},"content":{"rendered":"\n<p><\/p>\n\n\n\n<p><strong>El Departamento Biprovincial de Educaci\u00f3n, en representaci\u00f3n del Ministerio de Educaci\u00f3n (MINEDUC), seleccion\u00f3 al establecimiento como el primer beneficiado de este proyecto en su fase inicial de aplicaci\u00f3n en la comuna. Se focalizar\u00e1 en fortalecer la lectoescritura y situaci\u00f3n acad\u00e9mica de estudiantes en colegios estatales.<\/strong><\/p>\n\n\n\n<p><strong>&nbsp;&nbsp;&nbsp;&nbsp;&nbsp;&nbsp;&nbsp;&nbsp;&nbsp;&nbsp;&nbsp; <\/strong>Contar convoluntarias y voluntarios que lleven a cabo programas de acompa\u00f1amiento a estudiantes escolares con necesidades de apoyo en el aprendizaje y compromiso acad\u00e9mico, es el objetivo del Plan Nacional de Tutor\u00edas, lanzado hace unas semanas por el Gobierno.<\/p>\n\n\n\n<p>&nbsp;&nbsp;&nbsp;&nbsp;&nbsp;&nbsp;&nbsp;&nbsp;&nbsp;&nbsp;&nbsp; En la comuna de Calle Larga, la escuela V\u00edctor K\u00f6erner es el primer establecimiento en el que se implementar\u00e1 este Plan, raz\u00f3n por la que fue el lugar elegido por el Departamento Biprovincial de Educaci\u00f3n, para realizar el lanzamiento provincial.<\/p>\n\n\n\n<p>\u201cEs un orgullo que se haya considerado a nuestra comuna. La educaci\u00f3n fue muy perjudicada por la pandemia. Vemos que los cursos hasta cuarto b\u00e1sico logran nivelar su calidad lectora y la relevancia de la participaci\u00f3n ciudadana tan promovida en esta administraci\u00f3n municipal. Son cerca de 1.500 los voluntarios inscritos al proceso en nuestra regi\u00f3n. Invitamos a todos los vecinos de Calle Larga que deseen ser tutores a sumarse\u201d, dijo la alcaldesa de Calle Larga, Dina Gonz\u00e1lez.<\/p>\n\n\n\n<p>Cabe se\u00f1alar que paralelamente a trav\u00e9s del DAEM, la Municipalidad de Calle Larga despliega un trabajo activo en el resto de los establecimientos comunales, para potenciar sus comunidades educativas y disminuir los impactos negativos de la pandemia en la ense\u00f1anza infantil y adolescente.<\/p>\n\n\n\n<p>Por su parte, el jefe del Departamento Biprovincial de Educaci\u00f3n de San Felipe y Los Andes, Miguel Caro, indic\u00f3: \u201cAgradecemos mucho a la comuna de Calle Larga por abrir sus puertas, al igual que la Escuela V\u00edctor K\u00f6erner. Atendemos el aprendizaje de lectoescritura gracias a muchas personas interesadas en acompa\u00f1ar a la ni\u00f1ez, mediante el Plan de Tutor\u00edas impartido desde el a\u00f1o pasado que hoy va con m\u00e1s fuerza\u201d.<\/p>\n\n\n\n<p>\u201cComo escuela nuestra principal misi\u00f3n es mejorar la educaci\u00f3n de nuestras ni\u00f1as y ni\u00f1os, basada en la excelencia acad\u00e9mica que fue y es reconocida por el MINEDUC. Estamos muy contentos de su implementaci\u00f3n en este establecimiento e invitamos a todas las autoridades presentes a conocer nuestra experiencia educativa\u201d, expres\u00f3 Jaime Andrade, director de la instituci\u00f3n de ense\u00f1anza b\u00e1sica.<\/p>\n\n\n\n<p>Adem\u00e1s del refuerzo acad\u00e9mico, el Plan de Tutor\u00edas Nacionales pretende ayudar de forma integral al estudiantado del pa\u00eds considerando su bienestar emocional. Los voluntarios part\u00edcipes no ser\u00e1n remunerados y deben reunir los siguientes requisitos: ser mayores de 18 a\u00f1os, tener escolaridad completa, no contar con antecedentes con fines especiales, ni inhabilitaci\u00f3n para trabajar con menores.&nbsp;<\/p>\n\n\n\n<p>En promedio los tutores destinar\u00e1n una hora semanal alrededor de tres meses, hasta completar 16 sesiones. Inicialmente invertir\u00e1n 3 a 5 horas para su formaci\u00f3n inicial y las modalidades pueden ser online, presencial o ambas. Adem\u00e1s, quienes conformen el programa recibir\u00e1n una certificaci\u00f3n de reconocimiento en la Red Nacional de Tutores para la Reactivaci\u00f3n Educativa.<\/p>\n\n\n\n<p>Para inscribirse y solicitar un cupo en el proyecto se debe ingresar a la web del MINEDUC, secci\u00f3n Programas de Tutor\u00edas y rellenar con datos personales (nombres, apellidos, RUT, domicilio, regi\u00f3n, tel\u00e9fono, e-mail y ocupaci\u00f3n).<\/p>\n","protected":false},"excerpt":{"rendered":"<p>El Departamento Biprovincial de Educaci\u00f3n, en representaci\u00f3n del Ministerio de Educaci\u00f3n (MINEDUC), seleccion\u00f3 al establecimiento como el primer beneficiado de este proyecto en su fase inicial de aplicaci\u00f3n en la comuna. Se focalizar\u00e1 en fortalecer la lectoescritura y situaci\u00f3n acad\u00e9mica de estudiantes en colegios estatales. &nbsp;&nbsp;&nbsp;&nbsp;&nbsp;&nbsp;&nbsp;&nbsp;&nbsp;&nbsp;&nbsp; Contar convoluntarias y voluntarios que lleven a cabo programas &hellip;<\/p>\n","protected":false},"author":2,"featured_media":3289,"comment_status":"open","ping_status":"open","sticky":false,"template":"","format":"standard","meta":{"spay_email":""},"categories":[7],"tags":[8],"jetpack_featured_media_url":"https:\/\/lavozdesanesteban.cl\/wp-content\/uploads\/2023\/06\/TUTORIAS-scaled.jpg","_links":{"self":[{"href":"https:\/\/lavozdesanesteban.cl\/index.php\/wp-json\/wp\/v2\/posts\/3288"}],"collection":[{"href":"https:\/\/lavozdesanesteban.cl\/index.php\/wp-json\/wp\/v2\/posts"}],"about":[{"href":"https:\/\/lavozdesanesteban.cl\/index.php\/wp-json\/wp\/v2\/types\/post"}],"author":[{"embeddable":true,"href":"https:\/\/lavozdesanesteban.cl\/index.php\/wp-json\/wp\/v2\/users\/2"}],"replies":[{"embeddable":true,"href":"https:\/\/lavozdesanesteban.cl\/index.php\/wp-json\/wp\/v2\/comments?post=3288"}],"version-history":[{"count":1,"href":"https:\/\/lavozdesanesteban.cl\/index.php\/wp-json\/wp\/v2\/posts\/3288\/revisions"}],"predecessor-version":[{"id":3290,"href":"https:\/\/lavozdesanesteban.cl\/index.php\/wp-json\/wp\/v2\/posts\/3288\/revisions\/3290"}],"wp:featuredmedia":[{"embeddable":true,"href":"https:\/\/lavozdesanesteban.cl\/index.php\/wp-json\/wp\/v2\/media\/3289"}],"wp:attachment":[{"href":"https:\/\/lavozdesanesteban.cl\/index.php\/wp-json\/wp\/v2\/media?parent=3288"}],"wp:term":[{"taxonomy":"category","embeddable":true,"href":"https:\/\/lavozdesanesteban.cl\/index.php\/wp-json\/wp\/v2\/categories?post=3288"},{"taxonomy":"post_tag","embeddable":true,"href":"https:\/\/lavozdesanesteban.cl\/index.php\/wp-json\/wp\/v2\/tags?post=3288"}],"curies":[{"name":"wp","href":"https:\/\/api.w.org\/{rel}","templated":true}]}}