{"id":3291,"date":"2023-06-02T03:14:16","date_gmt":"2023-06-02T03:14:16","guid":{"rendered":"https:\/\/lavozdesanesteban.cl\/?p=3291"},"modified":"2023-06-02T03:14:21","modified_gmt":"2023-06-02T03:14:21","slug":"pro-aconcagua-convoca-a-emprendedores-y-empresas-a-participar-en-dinamiza-aconcagua","status":"publish","type":"post","link":"https:\/\/lavozdesanesteban.cl\/index.php\/2023\/06\/02\/pro-aconcagua-convoca-a-emprendedores-y-empresas-a-participar-en-dinamiza-aconcagua\/","title":{"rendered":"Pro Aconcagua convoca a emprendedores y empresas a participar en \u201cDinamiza Aconcagua\u201d"},"content":{"rendered":"\n<p><\/p>\n\n\n\n<p><strong>Iniciativa busca incorporar nuevas tecnolog\u00edas a productos y servicios<\/strong><\/p>\n\n\n\n<p><strong>&nbsp;&nbsp;&nbsp;&nbsp;&nbsp;&nbsp;&nbsp;&nbsp;&nbsp;&nbsp;&nbsp; <\/strong>Desarrollar capacidades de absorci\u00f3n tecnol\u00f3gica, en emprendedores y empresas del Valle de Aconcagua, con el objeto de que puedan incorporar oportunamente nuevas tecnolog\u00edas, que les permitan mejorar la calidad e innovaci\u00f3n de sus productos y servicios, es el objetivo de la iniciativa \u201cDinamiza Aconcagua\u201d, iniciativa de CORFO y que en el Valle de Aconcagua desarrolla la Corporaci\u00f3n Pro Aconcagua junto a SERCAL<\/p>\n\n\n\n<p>Con esta iniciativa se busca contribuir a la transformaci\u00f3n del Valle de Aconcagua en un ecosistema de emprendimiento din\u00e1mico, sustentable y con una cultura e identidad territorial.<\/p>\n\n\n\n<p>\u201cCon este programa se va a abordar es la absorci\u00f3n tecnol\u00f3gica, esperamos que los emprendedores aborden esta brecha, trabajen hacia los bienes productos y servicios. Esto nos permite fomentar desde Corfo el emprendimiento, fomentar el apoyo del ecosistema del emprendedor y apoyar a los emprendedores de la provincia, quienes son los el principal foco del programa Dinamiza. En ese sentido, lo que la Corfo busca es que los emprendedores identifiquen qu\u00e9 potenciales y tecnolog\u00edas pueden apoyar sus procesos productivos, como por ejemplo el marketing, recursos humanos, digitalizaci\u00f3n, etc.\u201d, sostuvo Etienne Choupay, director regional de CORFO.<\/p>\n\n\n\n<p>Por su parte, Claudia Gajardo, gerente de Pro Aconcagua, invit\u00f3 a los emprendedores a participar en esta iniciativa.<\/p>\n\n\n\n<p>\u201cQueremos convocar a 90 emprendedores, pymes y mipymes, de diferentes \u00e1reas y servicios. Quienes est\u00e9n interesados pueden visitarnos a nuestras oficinas ubicadas en la ex Estaci\u00f3n de Ferrocarriles, comunicarse telef\u00f3nicamente al 342-425974 o comunicarse a nuestro mail <a href=\"mailto:corporacion@proaconcagua.cl\">corporacion@proaconcagua.cl<\/a> o por nuestras redes sociales. Esta convocatoria es abierta y es una oportunidad que es gratuita para todos, es abierta a todos los emprendedores del Valle de Aconcagua\u201d.<\/p>\n\n\n\n<p>Tambi\u00e9n la presidenta de la Fundaci\u00f3n SERCAL, Jossy Esc\u00e1rate, destac\u00f3 algunos de los objetivos de esta iniciativa.<\/p>\n\n\n\n<p>\u201cEste programa tiene tres \u00e1mbitos, uno que tiene que ver con el territorio, convocarlo a que converjan en una visi\u00f3n com\u00fan de un Aconcagua Sostenible, la idea es generar un sue\u00f1o com\u00fan para que los emprendedores se inspiren en ese sue\u00f1o, para ver ah\u00ed nuevas oportunidades\u201d.<\/p>\n\n\n\n<p>Joussen Arteaga Palma, director Sercotec Valpara\u00edso, destac\u00f3 el trabajo conjunto y que busca beneficiar a los emprendedores.<\/p>\n\n\n\n<p>\u201cEste es un programa que est\u00e1 siendo difundido, promovido y desarrollado por CORFO, ejecutado por Pro Aconcagua y la colaboraci\u00f3n t\u00e9cnica de SERCAL, pero nosotros tambi\u00e9n nos sentimos convocados porque la premisa de este trabajo es la colaboraci\u00f3n, y si es la colaboraci\u00f3n en pro de los microempresarios y microempresarias, Sercotec quiere y debe estar ah\u00ed. Tambi\u00e9n es importante destacar que no s\u00f3lo hay una metodolog\u00eda clara y precisa para encauzar un ecosistema que genere desarrollo econ\u00f3mico sostenible\u201d &nbsp;&nbsp;<\/p>\n\n\n\n<p><strong>Inscripciones Dinamiza Aconcagua en:<\/strong><\/p>\n\n\n\n<p><a href=\"https:\/\/docs.google.com\/forms\/d\/e\/1FAIpQLSdXM88lTC7MHmN1RsXvs3yzpfJO09VKbSFZ0TTaISFOSQqJJQ\/viewform\">https:\/\/docs.google.com\/forms\/d\/e\/1FAIpQLSdXM88lTC7MHmN1RsXvs3yzpfJO09VKbSFZ0TTaISFOSQqJJQ\/viewform<\/a><\/p>\n","protected":false},"excerpt":{"rendered":"<p>Iniciativa busca incorporar nuevas tecnolog\u00edas a productos y servicios &nbsp;&nbsp;&nbsp;&nbsp;&nbsp;&nbsp;&nbsp;&nbsp;&nbsp;&nbsp;&nbsp; Desarrollar capacidades de absorci\u00f3n tecnol\u00f3gica, en emprendedores y empresas del Valle de Aconcagua, con el objeto de que puedan incorporar oportunamente nuevas tecnolog\u00edas, que les permitan mejorar la calidad e innovaci\u00f3n de sus productos y servicios, es el objetivo de la iniciativa \u201cDinamiza Aconcagua\u201d, iniciativa &hellip;<\/p>\n","protected":false},"author":2,"featured_media":3292,"comment_status":"open","ping_status":"open","sticky":false,"template":"","format":"standard","meta":{"spay_email":""},"categories":[7],"tags":[8],"jetpack_featured_media_url":"https:\/\/lavozdesanesteban.cl\/wp-content\/uploads\/2023\/06\/DINAMIZA-scaled.jpg","_links":{"self":[{"href":"https:\/\/lavozdesanesteban.cl\/index.php\/wp-json\/wp\/v2\/posts\/3291"}],"collection":[{"href":"https:\/\/lavozdesanesteban.cl\/index.php\/wp-json\/wp\/v2\/posts"}],"about":[{"href":"https:\/\/lavozdesanesteban.cl\/index.php\/wp-json\/wp\/v2\/types\/post"}],"author":[{"embeddable":true,"href":"https:\/\/lavozdesanesteban.cl\/index.php\/wp-json\/wp\/v2\/users\/2"}],"replies":[{"embeddable":true,"href":"https:\/\/lavozdesanesteban.cl\/index.php\/wp-json\/wp\/v2\/comments?post=3291"}],"version-history":[{"count":1,"href":"https:\/\/lavozdesanesteban.cl\/index.php\/wp-json\/wp\/v2\/posts\/3291\/revisions"}],"predecessor-version":[{"id":3293,"href":"https:\/\/lavozdesanesteban.cl\/index.php\/wp-json\/wp\/v2\/posts\/3291\/revisions\/3293"}],"wp:featuredmedia":[{"embeddable":true,"href":"https:\/\/lavozdesanesteban.cl\/index.php\/wp-json\/wp\/v2\/media\/3292"}],"wp:attachment":[{"href":"https:\/\/lavozdesanesteban.cl\/index.php\/wp-json\/wp\/v2\/media?parent=3291"}],"wp:term":[{"taxonomy":"category","embeddable":true,"href":"https:\/\/lavozdesanesteban.cl\/index.php\/wp-json\/wp\/v2\/categories?post=3291"},{"taxonomy":"post_tag","embeddable":true,"href":"https:\/\/lavozdesanesteban.cl\/index.php\/wp-json\/wp\/v2\/tags?post=3291"}],"curies":[{"name":"wp","href":"https:\/\/api.w.org\/{rel}","templated":true}]}}