{"id":3294,"date":"2023-06-02T03:16:49","date_gmt":"2023-06-02T03:16:49","guid":{"rendered":"https:\/\/lavozdesanesteban.cl\/?p=3294"},"modified":"2023-06-02T03:16:53","modified_gmt":"2023-06-02T03:16:53","slug":"coordinaciones-de-chile-y-argentina-definen-horario-de-invierno-para-el-complejo-fronterizo-los-libertadores","status":"publish","type":"post","link":"https:\/\/lavozdesanesteban.cl\/index.php\/2023\/06\/02\/coordinaciones-de-chile-y-argentina-definen-horario-de-invierno-para-el-complejo-fronterizo-los-libertadores\/","title":{"rendered":"Coordinaciones de Chile y Argentina definen horario de invierno para el complejo fronterizo Los Libertadores"},"content":{"rendered":"\n<p><\/p>\n\n\n\n<p><strong><em>Complejidad de ruta y condiciones clim\u00e1ticas adversas son las razones que las autoridades binacionales consideraron para definir nuevo horario de invierno.<\/em><\/strong><\/p>\n\n\n\n<p><strong>01 junio de 2023.-<\/strong> Desde el jueves1 de Junio y hasta el 31 de agosto regir\u00e1 el nuevo horario de invierno en el complejo fronterizo Los Libertadores, el que contempla que el ingreso y salida de todo tipo de veh\u00edculo ser\u00e1 de 8.00 a 20.00 horas.<\/p>\n\n\n\n<p>As\u00ed lo confirmaron en una reuni\u00f3n sostenida entre las coordinaciones de los complejos fronterizos de Chile y la nueva coordinaci\u00f3n de Argentina, compuesta por Daniel Galdeano y Pablo Cabrera. Adem\u00e1s, participaron el Jefe de la Unidad de Pasos Fronterizos, Eduardo N\u00fa\u00f1ez y el Delegado Presidencial Provincial de Los Andes, Cristi\u00e1n Aravena.<\/p>\n\n\n\n<p>En la ocasi\u00f3n, se analizaron los informes t\u00e9cnicos de los servicios de Vialidad de Chile y Argentina para tomar la decisi\u00f3n. Los antecedentes presentados, seg\u00fan se\u00f1al\u00f3 el Delegado Aravena, indican la necesidad de cierre a las 20.00 horas debido a que la ruta es compleja y dif\u00edcil, m\u00e1s a\u00fan en invierno con condiciones clim\u00e1ticas adversas.<\/p>\n\n\n\n<p>Ambas Vialidades coinciden que no es posible mantener el tr\u00e1nsito de noche debido a las condiciones clim\u00e1ticas y sobre todo las caracter\u00edsticas de la ruta en ambos sectores donde destacan pendientes muy fuertes, zona de curvas&nbsp; y zendas de avalanchas en el sector chileno y escasa visibilidad, formaci\u00f3n de hielo negro en la calzada y bajas temperaturas en el lado argentino.<\/p>\n\n\n\n<p>El delegado provincial de Los Andes, Cristi\u00e1n Aravena, valor\u00f3 esta instancia donde se pudo conocer al nuevo equipo de coordinadores y agradeci\u00f3 la buena disposici\u00f3n de todos los que trabajan para velar por el bien com\u00fan de los complejos fronterizos del Sistema Integrado Cristo Redentor.<\/p>\n\n\n\n<p>\u201cEl llamado que hacemos es que los usuarios comprendan que&nbsp; el concepto de transitabilidad segura es la raz\u00f3n principal de la decisi\u00f3n de cambio de horario, que lo primero es resguardar la seguridad de todos y todas, evitar accidentes y mejoras la atenci\u00f3n de los usuarios que utilizan nuestras instalaciones\u201d, agreg\u00f3. &nbsp;<\/p>\n","protected":false},"excerpt":{"rendered":"<p>Complejidad de ruta y condiciones clim\u00e1ticas adversas son las razones que las autoridades binacionales consideraron para definir nuevo horario de invierno. 01 junio de 2023.- Desde el jueves1 de Junio y hasta el 31 de agosto regir\u00e1 el nuevo horario de invierno en el complejo fronterizo Los Libertadores, el que contempla que el ingreso y &hellip;<\/p>\n","protected":false},"author":2,"featured_media":3295,"comment_status":"open","ping_status":"open","sticky":false,"template":"","format":"standard","meta":{"spay_email":""},"categories":[7],"tags":[8],"jetpack_featured_media_url":"https:\/\/lavozdesanesteban.cl\/wp-content\/uploads\/2023\/06\/LOS-LIBERTADORES.jpeg","_links":{"self":[{"href":"https:\/\/lavozdesanesteban.cl\/index.php\/wp-json\/wp\/v2\/posts\/3294"}],"collection":[{"href":"https:\/\/lavozdesanesteban.cl\/index.php\/wp-json\/wp\/v2\/posts"}],"about":[{"href":"https:\/\/lavozdesanesteban.cl\/index.php\/wp-json\/wp\/v2\/types\/post"}],"author":[{"embeddable":true,"href":"https:\/\/lavozdesanesteban.cl\/index.php\/wp-json\/wp\/v2\/users\/2"}],"replies":[{"embeddable":true,"href":"https:\/\/lavozdesanesteban.cl\/index.php\/wp-json\/wp\/v2\/comments?post=3294"}],"version-history":[{"count":1,"href":"https:\/\/lavozdesanesteban.cl\/index.php\/wp-json\/wp\/v2\/posts\/3294\/revisions"}],"predecessor-version":[{"id":3296,"href":"https:\/\/lavozdesanesteban.cl\/index.php\/wp-json\/wp\/v2\/posts\/3294\/revisions\/3296"}],"wp:featuredmedia":[{"embeddable":true,"href":"https:\/\/lavozdesanesteban.cl\/index.php\/wp-json\/wp\/v2\/media\/3295"}],"wp:attachment":[{"href":"https:\/\/lavozdesanesteban.cl\/index.php\/wp-json\/wp\/v2\/media?parent=3294"}],"wp:term":[{"taxonomy":"category","embeddable":true,"href":"https:\/\/lavozdesanesteban.cl\/index.php\/wp-json\/wp\/v2\/categories?post=3294"},{"taxonomy":"post_tag","embeddable":true,"href":"https:\/\/lavozdesanesteban.cl\/index.php\/wp-json\/wp\/v2\/tags?post=3294"}],"curies":[{"name":"wp","href":"https:\/\/api.w.org\/{rel}","templated":true}]}}