{"id":3297,"date":"2023-06-02T03:20:34","date_gmt":"2023-06-02T03:20:34","guid":{"rendered":"https:\/\/lavozdesanesteban.cl\/?p=3297"},"modified":"2023-06-02T03:20:37","modified_gmt":"2023-06-02T03:20:37","slug":"estudiantes-de-los-andes-animaron-concurso-audiovisual-en-el-dia-mundial-sin-tabaco","status":"publish","type":"post","link":"https:\/\/lavozdesanesteban.cl\/index.php\/2023\/06\/02\/estudiantes-de-los-andes-animaron-concurso-audiovisual-en-el-dia-mundial-sin-tabaco\/","title":{"rendered":"Estudiantes de Los Andes animaron concurso audiovisual en el D\u00eda Mundial sin Tabaco"},"content":{"rendered":"\n<p><\/p>\n\n\n\n<p>Cada 31 de mayo, la Organizaci\u00f3n Mundial de la Salud conmemora el D\u00eda Mundial sin Tabaco. En ese contexto, el Plan Comunal de Promoci\u00f3n de la Salud de Los Andes ha incluido en su quehacer, acciones que vayan en beneficio de la educaci\u00f3n de andinas y andinos, en especial a la comunidad educativa sobre los peligros de su consumo. Recientemente se organiz\u00f3 un concurso donde los estudiantes presentaron diversos videos, donde llevaron a la pr\u00e1ctica lo aprendido.<\/p>\n\n\n\n<p>Durante abril, profesionales de Cesfam Centenario y Cesfam Cordillera Andina realizaron talleres educativos en catorce establecimientos de la comuna, en particular en cuarto a\u00f1o b\u00e1sico. Luego se invit\u00f3 a participar de esta convocatoria realizando un video, donde de forma original informaran a la comunidad sobre los efectos perjudiciales del consumo de tabaco.<\/p>\n\n\n\n<p>Edith Montenegro, encargada comunal de Promoci\u00f3n de Salud, se\u00f1al\u00f3: \u201cpudimos observar que los videos fueron hechos con mucho cari\u00f1o, conten\u00edan lo que los alumnos aprendieron en los talleres y la motivaci\u00f3n es lo m\u00e1s importante, m\u00e1s que competir es aprender y notamos en las exposiciones que los alumnos dominaron el tema\u201d.<\/p>\n\n\n\n<p>El reconocimiento fue para seis establecimientos andinos que se animaron a participar y mostrar lo aprendido: Escuela Espa\u00f1a, Escuela Especial Valle Andino, Colegio Alta Cumbre, Escuela R\u00edo Blanco, Escuela Ignacio Carrera Pinto y Colegio Claudio Gay. En una ceremonia, se premi\u00f3 el esp\u00edritu de participaci\u00f3n de los estudiantes junto a sus profesores, buscando fomentar actividades creativas y saludables.<\/p>\n\n\n\n<p>La Escuela Espa\u00f1a fue el establecimiento que consigui\u00f3 m\u00e1s \u201clikes\u201d, por lo que se qued\u00f3 con el primer lugar. Katerine Le\u00f3n, directora de la unidad educativa, dijo: \u201cfue bien significativo para los estudiantes y para los funcionarios tambi\u00e9n, que pudieron ser parte de este taller, de tomar conciencia porque los datos impactan. Es positivo que la Mesa de Salud entregue este tipo de talleres\u201d.<\/p>\n\n\n\n<p>Otro de los establecimientos reconocidos fue la Escuela Especial Valle Andino. La directora, Jimena Rodr\u00edguez, se\u00f1al\u00f3: \u201csiempre estamos atentos a que los estudiantes, como en todos los colegios, tengan participaci\u00f3n a nivel social y comunitario y este es un tema que no queda ajeno a las familias y a los estudiantes, as\u00ed que felices de participar y ser reconocidos, ellos est\u00e1n muy contentos\u201d.<\/p>\n\n\n\n<p>La actividad tambi\u00e9n incluy\u00f3 las presentaciones de Aleksis G\u00f3mez, de la SEREMI Provincial, sobre riesgos de exposici\u00f3n al tabaco y aspectos normativos, y de Adriana Bustos del equipo SENDA de Los Andes con los resultados de la encuesta Juventud y Bienestar, realizada en la comuna.<\/p>\n","protected":false},"excerpt":{"rendered":"<p>Cada 31 de mayo, la Organizaci\u00f3n Mundial de la Salud conmemora el D\u00eda Mundial sin Tabaco. En ese contexto, el Plan Comunal de Promoci\u00f3n de la Salud de Los Andes ha incluido en su quehacer, acciones que vayan en beneficio de la educaci\u00f3n de andinas y andinos, en especial a la comunidad educativa sobre los &hellip;<\/p>\n","protected":false},"author":2,"featured_media":3298,"comment_status":"open","ping_status":"open","sticky":false,"template":"","format":"standard","meta":{"spay_email":""},"categories":[7],"tags":[8],"jetpack_featured_media_url":"https:\/\/lavozdesanesteban.cl\/wp-content\/uploads\/2023\/06\/SIN-TABACO-scaled.jpg","_links":{"self":[{"href":"https:\/\/lavozdesanesteban.cl\/index.php\/wp-json\/wp\/v2\/posts\/3297"}],"collection":[{"href":"https:\/\/lavozdesanesteban.cl\/index.php\/wp-json\/wp\/v2\/posts"}],"about":[{"href":"https:\/\/lavozdesanesteban.cl\/index.php\/wp-json\/wp\/v2\/types\/post"}],"author":[{"embeddable":true,"href":"https:\/\/lavozdesanesteban.cl\/index.php\/wp-json\/wp\/v2\/users\/2"}],"replies":[{"embeddable":true,"href":"https:\/\/lavozdesanesteban.cl\/index.php\/wp-json\/wp\/v2\/comments?post=3297"}],"version-history":[{"count":1,"href":"https:\/\/lavozdesanesteban.cl\/index.php\/wp-json\/wp\/v2\/posts\/3297\/revisions"}],"predecessor-version":[{"id":3299,"href":"https:\/\/lavozdesanesteban.cl\/index.php\/wp-json\/wp\/v2\/posts\/3297\/revisions\/3299"}],"wp:featuredmedia":[{"embeddable":true,"href":"https:\/\/lavozdesanesteban.cl\/index.php\/wp-json\/wp\/v2\/media\/3298"}],"wp:attachment":[{"href":"https:\/\/lavozdesanesteban.cl\/index.php\/wp-json\/wp\/v2\/media?parent=3297"}],"wp:term":[{"taxonomy":"category","embeddable":true,"href":"https:\/\/lavozdesanesteban.cl\/index.php\/wp-json\/wp\/v2\/categories?post=3297"},{"taxonomy":"post_tag","embeddable":true,"href":"https:\/\/lavozdesanesteban.cl\/index.php\/wp-json\/wp\/v2\/tags?post=3297"}],"curies":[{"name":"wp","href":"https:\/\/api.w.org\/{rel}","templated":true}]}}