{"id":3300,"date":"2023-06-03T03:47:25","date_gmt":"2023-06-03T03:47:25","guid":{"rendered":"https:\/\/lavozdesanesteban.cl\/?p=3300"},"modified":"2023-06-03T03:48:34","modified_gmt":"2023-06-03T03:48:34","slug":"ex-prefecto-de-la-pdi-de-los-andes-es-el-nuevo-director-de-seguridad-y-emergencias-de-la-municipalidad-de-calle-larga","status":"publish","type":"post","link":"https:\/\/lavozdesanesteban.cl\/index.php\/2023\/06\/03\/ex-prefecto-de-la-pdi-de-los-andes-es-el-nuevo-director-de-seguridad-y-emergencias-de-la-municipalidad-de-calle-larga\/","title":{"rendered":"Ex Prefecto de la PDI de Los Andes es el nuevo director de Seguridad y Emergencias de la Municipalidad de Calle Larga"},"content":{"rendered":"\n<p><\/p>\n\n\n\n<p><strong>Fernando Silva Navarro, encabez\u00f3 junto a la alcaldesa Dina Gonz\u00e1lez el \u00faltimo Consejo Comunal de Seguridad P\u00fablica<\/strong><\/p>\n\n\n\n<p>En dependencias del Centro Cultural Pedro Aguirre Cerda, se realiz\u00f3 el segundo Consejo Comunal de Seguridad P\u00fablica del a\u00f1o, instancia en la que participaron autoridades policiales y de la sociedad civil y donde se abordaron diversas tem\u00e1ticas como ruidos molestos, instalaci\u00f3n de luminarias y sus efectos positivos en la seguridad, el cuidado de espacios p\u00fablicos, entre otros.<\/p>\n\n\n\n<p>En esta instancia la alcaldesa Dina Gonz\u00e1lez, present\u00f3 al nuevo director de Seguridad y Emergencias de la Municipalidad de Calle Larga, Fernando Silva Navarro, quien hace unos a\u00f1os ocup\u00f3 el cargo de Prefecto de la PDI de Los Andes.<\/p>\n\n\n\n<p>\u201cEl nuevo director tiene todas las competencias necesarias para optimizar el trabajo realizado en la calle por personal de Seguridad Ciudadana de nuestro municipio. Estamos coordinando con \u00e9l la realizaci\u00f3n de varias tareas que ir\u00e1n en beneficio de nuestras comunidades\u201d, sostuvo la alcaldesa Dina Gonz\u00e1lez, quien adem\u00e1s coment\u00f3 los temas tratados durante la \u00faltima sesi\u00f3n del Consejo Comunal de Seguridad P\u00fablica.<\/p>\n\n\n\n<p>\u201cEntre varios temas, hablamos de la noticia recibida la semana pasada en el Congreso de la Asociaci\u00f3n Chilena de Municipalidades sobre cambios en la Ley Org\u00e1nica de Municipalidades. Esto nos otorgar\u00e1 m\u00e1s facultades para cooperar con las polic\u00edas en las distintas situaciones de inseguridad e incivilidad en los territorios\u201d.<\/p>\n\n\n\n<p>&nbsp;&nbsp;&nbsp;&nbsp;&nbsp;&nbsp;&nbsp;&nbsp;&nbsp;&nbsp;&nbsp; Sobre su nuevo cargo y los \u00e9nfasis que tendr\u00e1 durante su gesti\u00f3n, se refiri\u00f3 Fernando Silva.<\/p>\n\n\n\n<p>&nbsp;&nbsp;&nbsp;&nbsp;&nbsp;&nbsp;&nbsp;&nbsp;&nbsp;&nbsp;&nbsp; \u201cEl objetivo principal es garantizar tranquilidad y prevenci\u00f3n, tanto de delitos como de incivilidades en la comuna para que nuestros habitantes se sientan m\u00e1s seguros\u201d, sostuvo, agregando que \u201cLa Municipalidad de Calle Larga levant\u00f3 un decreto alcaldicio que multar\u00e1 ruidos molestos, los cuales, ser\u00e1n detectados con aparatos medidores de contaminaci\u00f3n ac\u00fastica\u201d.<\/p>\n","protected":false},"excerpt":{"rendered":"<p>Fernando Silva Navarro, encabez\u00f3 junto a la alcaldesa Dina Gonz\u00e1lez el \u00faltimo Consejo Comunal de Seguridad P\u00fablica En dependencias del Centro Cultural Pedro Aguirre Cerda, se realiz\u00f3 el segundo Consejo Comunal de Seguridad P\u00fablica del a\u00f1o, instancia en la que participaron autoridades policiales y de la sociedad civil y donde se abordaron diversas tem\u00e1ticas como &hellip;<\/p>\n","protected":false},"author":2,"featured_media":3301,"comment_status":"open","ping_status":"open","sticky":false,"template":"","format":"standard","meta":{"spay_email":""},"categories":[7],"tags":[8],"jetpack_featured_media_url":"https:\/\/lavozdesanesteban.cl\/wp-content\/uploads\/2023\/06\/DIRECTOR-S.jpg","_links":{"self":[{"href":"https:\/\/lavozdesanesteban.cl\/index.php\/wp-json\/wp\/v2\/posts\/3300"}],"collection":[{"href":"https:\/\/lavozdesanesteban.cl\/index.php\/wp-json\/wp\/v2\/posts"}],"about":[{"href":"https:\/\/lavozdesanesteban.cl\/index.php\/wp-json\/wp\/v2\/types\/post"}],"author":[{"embeddable":true,"href":"https:\/\/lavozdesanesteban.cl\/index.php\/wp-json\/wp\/v2\/users\/2"}],"replies":[{"embeddable":true,"href":"https:\/\/lavozdesanesteban.cl\/index.php\/wp-json\/wp\/v2\/comments?post=3300"}],"version-history":[{"count":1,"href":"https:\/\/lavozdesanesteban.cl\/index.php\/wp-json\/wp\/v2\/posts\/3300\/revisions"}],"predecessor-version":[{"id":3302,"href":"https:\/\/lavozdesanesteban.cl\/index.php\/wp-json\/wp\/v2\/posts\/3300\/revisions\/3302"}],"wp:featuredmedia":[{"embeddable":true,"href":"https:\/\/lavozdesanesteban.cl\/index.php\/wp-json\/wp\/v2\/media\/3301"}],"wp:attachment":[{"href":"https:\/\/lavozdesanesteban.cl\/index.php\/wp-json\/wp\/v2\/media?parent=3300"}],"wp:term":[{"taxonomy":"category","embeddable":true,"href":"https:\/\/lavozdesanesteban.cl\/index.php\/wp-json\/wp\/v2\/categories?post=3300"},{"taxonomy":"post_tag","embeddable":true,"href":"https:\/\/lavozdesanesteban.cl\/index.php\/wp-json\/wp\/v2\/tags?post=3300"}],"curies":[{"name":"wp","href":"https:\/\/api.w.org\/{rel}","templated":true}]}}