{"id":3303,"date":"2023-06-03T03:51:59","date_gmt":"2023-06-03T03:51:59","guid":{"rendered":"https:\/\/lavozdesanesteban.cl\/?p=3303"},"modified":"2023-06-03T03:52:02","modified_gmt":"2023-06-03T03:52:02","slug":"con-musica-en-vivo-escuelas-y-liceos-de-los-andes-celebraron-la-semana-de-la-educacion-artistica","status":"publish","type":"post","link":"https:\/\/lavozdesanesteban.cl\/index.php\/2023\/06\/03\/con-musica-en-vivo-escuelas-y-liceos-de-los-andes-celebraron-la-semana-de-la-educacion-artistica\/","title":{"rendered":"Con m\u00fasica en vivo escuelas y liceos de Los Andes celebraron la Semana de la Educaci\u00f3n Art\u00edstica"},"content":{"rendered":"\n<p><\/p>\n\n\n\n<p>Fueron jornadas de mucha preparaci\u00f3n y coordinaci\u00f3n previa, para lograr tres d\u00edas de m\u00fasica en vivo, pintura, teatro, manualidades y distintas manifestaciones en la celebraci\u00f3n de la Semana de la Educaci\u00f3n Art\u00edstica, por parte de los distintos establecimientos educacionales de la red de educaci\u00f3n municipal de Los Andes.<\/p>\n\n\n\n<p>Las agrupaciones de los colegios prepararon distintas listas de canciones y en diversos estilos para presentar a sus compa\u00f1eros, tanto de los colegios que acogieron las \u201ctocatas\u201d como de establecimientos visitantes.<\/p>\n\n\n\n<p>Esteban Guti\u00e9rrez, coordinador comunal de la red de m\u00fasica de Los Andes, explic\u00f3: \u201cla idea era mover a los nueve establecimientos que pertenecen a la red. Los dividimos en tres d\u00edas, en grupos donde hubo un anfitri\u00f3n, otro invitado a tocar y otro invitado a mirar, que por lo general son los que est\u00e1n reci\u00e9n partiendo, para que ellos tambi\u00e9n se motiven y empiecen tambi\u00e9n a generar m\u00e1s actividades dentro de sus escuelas\u201d.<\/p>\n\n\n\n<p>En las distintas jornadas los estudiantes demostraron sus mejores destrezas y el resultado de los constantes ensayos en las clases y talleres. Javier Santander, profesor de m\u00fasica de la Escuela Ferroviaria, dijo: \u201cel repertorio de este a\u00f1o, por ejemplo, se viene trabajando ya del a\u00f1o pasado y se perfeccion\u00f3. Luego de la pandemia pudimos retomar y los ni\u00f1os volvieron con m\u00e1s energ\u00eda, con m\u00e1s ganas, as\u00ed que agradecido de ellos porque son el motor de todo\u201d.<\/p>\n","protected":false},"excerpt":{"rendered":"<p>Fueron jornadas de mucha preparaci\u00f3n y coordinaci\u00f3n previa, para lograr tres d\u00edas de m\u00fasica en vivo, pintura, teatro, manualidades y distintas manifestaciones en la celebraci\u00f3n de la Semana de la Educaci\u00f3n Art\u00edstica, por parte de los distintos establecimientos educacionales de la red de educaci\u00f3n municipal de Los Andes. Las agrupaciones de los colegios prepararon distintas &hellip;<\/p>\n","protected":false},"author":2,"featured_media":3304,"comment_status":"open","ping_status":"open","sticky":false,"template":"","format":"standard","meta":{"spay_email":""},"categories":[7],"tags":[8],"jetpack_featured_media_url":"https:\/\/lavozdesanesteban.cl\/wp-content\/uploads\/2023\/06\/SEA-scaled.jpg","_links":{"self":[{"href":"https:\/\/lavozdesanesteban.cl\/index.php\/wp-json\/wp\/v2\/posts\/3303"}],"collection":[{"href":"https:\/\/lavozdesanesteban.cl\/index.php\/wp-json\/wp\/v2\/posts"}],"about":[{"href":"https:\/\/lavozdesanesteban.cl\/index.php\/wp-json\/wp\/v2\/types\/post"}],"author":[{"embeddable":true,"href":"https:\/\/lavozdesanesteban.cl\/index.php\/wp-json\/wp\/v2\/users\/2"}],"replies":[{"embeddable":true,"href":"https:\/\/lavozdesanesteban.cl\/index.php\/wp-json\/wp\/v2\/comments?post=3303"}],"version-history":[{"count":1,"href":"https:\/\/lavozdesanesteban.cl\/index.php\/wp-json\/wp\/v2\/posts\/3303\/revisions"}],"predecessor-version":[{"id":3305,"href":"https:\/\/lavozdesanesteban.cl\/index.php\/wp-json\/wp\/v2\/posts\/3303\/revisions\/3305"}],"wp:featuredmedia":[{"embeddable":true,"href":"https:\/\/lavozdesanesteban.cl\/index.php\/wp-json\/wp\/v2\/media\/3304"}],"wp:attachment":[{"href":"https:\/\/lavozdesanesteban.cl\/index.php\/wp-json\/wp\/v2\/media?parent=3303"}],"wp:term":[{"taxonomy":"category","embeddable":true,"href":"https:\/\/lavozdesanesteban.cl\/index.php\/wp-json\/wp\/v2\/categories?post=3303"},{"taxonomy":"post_tag","embeddable":true,"href":"https:\/\/lavozdesanesteban.cl\/index.php\/wp-json\/wp\/v2\/tags?post=3303"}],"curies":[{"name":"wp","href":"https:\/\/api.w.org\/{rel}","templated":true}]}}