{"id":3309,"date":"2023-06-07T00:02:37","date_gmt":"2023-06-07T00:02:37","guid":{"rendered":"https:\/\/lavozdesanesteban.cl\/?p=3309"},"modified":"2023-06-07T00:02:41","modified_gmt":"2023-06-07T00:02:41","slug":"ninos-del-programa-4-a-7-compartieron-tarde-recreativa-con-el-team-roller-los-andes","status":"publish","type":"post","link":"https:\/\/lavozdesanesteban.cl\/index.php\/2023\/06\/07\/ninos-del-programa-4-a-7-compartieron-tarde-recreativa-con-el-team-roller-los-andes\/","title":{"rendered":"Ni\u00f1os del Programa 4 a 7 compartieron tarde recreativa con el Team Roller Los Andes"},"content":{"rendered":"\n<p><\/p>\n\n\n\n<p><em>Oportunidad para disfrutaron del pat\u00edn carrera y profundizar en valores que entrega el deporte<\/em><\/p>\n\n\n\n<p>Un entretenido panorama disfrutaron ni\u00f1os y ni\u00f1as integrantes del Programa de 4 a 7 que se ejecuta en dos escuelas de la comuna; Jos\u00e9 Miguel Carrera y Gabriela Mistral, al compartir una tarde de mucha energ\u00eda, risas y aprendizaje junto al Club Deportivo Team Roller Los Andes.<\/p>\n\n\n\n<p>Leslie Contreras, encargada del Programa 4 a 7 de la Escuela Jos\u00e9 Miguel Carrera, explic\u00f3 que esta actividad se gestion\u00f3 a trav\u00e9s de la Oficina de la Juventud del municipio andino: \u201cpreparamos esta instancia con el objetivo de ense\u00f1arle a los ni\u00f1os un deporte, acercarlos m\u00e1s a una vida activa, trabajar el compa\u00f1erismo, incentivarlos y tener actividades fuera de las pantallas de celulares\u201d. Nicol\u00e1s Pirazzoli, coordinador de la Oficina Municipal de la Juventud, destac\u00f3 esta beneficiosa instancia: \u201cgracias a la oportunidad que nos da el alcalde Manuel Rivera tambi\u00e9n de poder profundizar en el deporte y que este crezca en la zona, disfrutamos de un momento recreativo y formativo\u201d.<\/p>\n\n\n\n<p>Precisamente el deporte tiene muchos \u00e1mbitos positivos para los ni\u00f1os. Marcela Mu\u00f1oz, entrenadora de pat\u00edn carrera, se\u00f1al\u00f3 que el deporte m\u00e1s que una herramienta formadora de habilidades psicomotrices, es eficaz en el desarrollo de valores emocionales, la fortaleza mental y otros: \u201cel liderazgo, la comunicaci\u00f3n, resoluci\u00f3n de conflictos, la autonom\u00eda, el manejo de la frustraci\u00f3n cuando algo no sale como lo esperabas\u2026 todos esos h\u00e1bitos se crean d\u00eda a d\u00eda por medio de la disciplina\u201d.<\/p>\n\n\n\n<p>Francisca Veliz de 12 a\u00f1os es integrante del Team Roller, asisti\u00f3 a la actividad y particip\u00f3 activamente: \u201cvinimos para que otros ni\u00f1os conocieran el deporte que nosotros hacemos y para motivarlos a que ellos tambien hagan este deporte que es tan lindo\u201d. Finalmente Margarita Montenegro, subdirectora de DIDECO del municipio andino agradeci\u00f3 al Team Roller por haber animado esta positiva actividad: \u201cle han dado la oportunidad a nuestros ni\u00f1os y ni\u00f1as de generar esta tarde recreativa una tarde deportiva y muy beneficiosa para ellos compartiendo con sus pares\u201d.<\/p>\n","protected":false},"excerpt":{"rendered":"<p>Oportunidad para disfrutaron del pat\u00edn carrera y profundizar en valores que entrega el deporte Un entretenido panorama disfrutaron ni\u00f1os y ni\u00f1as integrantes del Programa de 4 a 7 que se ejecuta en dos escuelas de la comuna; Jos\u00e9 Miguel Carrera y Gabriela Mistral, al compartir una tarde de mucha energ\u00eda, risas y aprendizaje junto al &hellip;<\/p>\n","protected":false},"author":2,"featured_media":3310,"comment_status":"open","ping_status":"open","sticky":false,"template":"","format":"standard","meta":{"spay_email":""},"categories":[7],"tags":[8],"jetpack_featured_media_url":"https:\/\/lavozdesanesteban.cl\/wp-content\/uploads\/2023\/06\/ROLLER-scaled.jpg","_links":{"self":[{"href":"https:\/\/lavozdesanesteban.cl\/index.php\/wp-json\/wp\/v2\/posts\/3309"}],"collection":[{"href":"https:\/\/lavozdesanesteban.cl\/index.php\/wp-json\/wp\/v2\/posts"}],"about":[{"href":"https:\/\/lavozdesanesteban.cl\/index.php\/wp-json\/wp\/v2\/types\/post"}],"author":[{"embeddable":true,"href":"https:\/\/lavozdesanesteban.cl\/index.php\/wp-json\/wp\/v2\/users\/2"}],"replies":[{"embeddable":true,"href":"https:\/\/lavozdesanesteban.cl\/index.php\/wp-json\/wp\/v2\/comments?post=3309"}],"version-history":[{"count":1,"href":"https:\/\/lavozdesanesteban.cl\/index.php\/wp-json\/wp\/v2\/posts\/3309\/revisions"}],"predecessor-version":[{"id":3311,"href":"https:\/\/lavozdesanesteban.cl\/index.php\/wp-json\/wp\/v2\/posts\/3309\/revisions\/3311"}],"wp:featuredmedia":[{"embeddable":true,"href":"https:\/\/lavozdesanesteban.cl\/index.php\/wp-json\/wp\/v2\/media\/3310"}],"wp:attachment":[{"href":"https:\/\/lavozdesanesteban.cl\/index.php\/wp-json\/wp\/v2\/media?parent=3309"}],"wp:term":[{"taxonomy":"category","embeddable":true,"href":"https:\/\/lavozdesanesteban.cl\/index.php\/wp-json\/wp\/v2\/categories?post=3309"},{"taxonomy":"post_tag","embeddable":true,"href":"https:\/\/lavozdesanesteban.cl\/index.php\/wp-json\/wp\/v2\/tags?post=3309"}],"curies":[{"name":"wp","href":"https:\/\/api.w.org\/{rel}","templated":true}]}}