{"id":3312,"date":"2023-06-07T00:07:03","date_gmt":"2023-06-07T00:07:03","guid":{"rendered":"https:\/\/lavozdesanesteban.cl\/?p=3312"},"modified":"2023-06-07T00:07:06","modified_gmt":"2023-06-07T00:07:06","slug":"para-fortalecer-las-acciones-preventivas-la-oficina-municipal-de-cultura-y-senda-desarrollaran-talleres-de-teatro-en-la-escuela-pablo-neruda-y-liceo-san-esteban","status":"publish","type":"post","link":"https:\/\/lavozdesanesteban.cl\/index.php\/2023\/06\/07\/para-fortalecer-las-acciones-preventivas-la-oficina-municipal-de-cultura-y-senda-desarrollaran-talleres-de-teatro-en-la-escuela-pablo-neruda-y-liceo-san-esteban\/","title":{"rendered":"Para fortalecer las acciones preventivas, la Oficina municipal de Cultura y Senda desarrollar\u00e1n talleres de teatro en la Escuela Pablo Neruda y Liceo San Esteban"},"content":{"rendered":"\n<p><\/p>\n\n\n\n<ul><li>Esta instancia, que iniciar\u00e1 &nbsp;a partir del segundo semestre, tiene como objetivo de potenciar la creatividad y la imaginaci\u00f3n de los alumnos, a trav\u00e9s de las artes y la expresi\u00f3n, con la finalidad de orientarlos respecto a los efectos da\u00f1inos de las drogas y el alcohol.<\/li><\/ul>\n\n\n\n<p>El equipo de Senda de San Esteban contin\u00faa desarrollando un intenso trabajo para promover acciones preventivas de drogas y alcohol en los establecimientos educacionales de la comuna. Es por esto que, para celebrar el mes de la prevenci\u00f3n, se desarroll\u00f3 un trabajo colaborativo &nbsp;con la Oficina municipal de Cultura y el Departamento de Educaci\u00f3n Municipal que trajo como fruto la realizaci\u00f3n de un taller de teatro, el que estar\u00e1 enfocado en potenciar las habilidades de expresi\u00f3n art\u00edstica, adem\u00e1s de orientarlos respecto a los factores de riesgo del uso de drogas y el alcohol.<\/p>\n\n\n\n<p>El proyecto iniciar\u00e1 durante el segundo semestre, a partir de agosto y, en esta primera etapa, estar\u00e1 dirigido los estudiantes de la Escuela Pablo Neruda y Liceo San Esteban. Contar\u00e1 con un cupo limitado y las inscripciones se realizar\u00e1n rellenando un formulario digital.<\/p>\n\n\n\n<p>En ese sentido, Claudio Mu\u00f1oz, profesional de Senda San Esteban afirm\u00f3 que \u201cconsideramos que es muy importante realizar este taller. Quiero agradecer a nuestro municipio y a la Direcci\u00f3n de Desarrollo Comunitario (DIDECO) que nos permiti\u00f3 contar con estos recursos importantes para su realizaci\u00f3n. La iniciativa abarcar\u00e1 alumnos desde quinto b\u00e1sico y se realizar\u00e1 una vez por semana, donde podremos tambi\u00e9n desarrollar herramientas preventivas con t\u00f3picos que tratar\u00e1n con la profesora del taller de teatro, junto con ello, los alumnos ir\u00e1n desarrollando y conociendo habilidades preventivas,\u201d apunt\u00f3.<\/p>\n\n\n\n<p>Para el encargado de la Oficina de Cultura, Mauricio Flores, esta iniciativa &nbsp;\u201ctiene por objetivo que cuenten con espacios en donde los alumnos se puedan recrear y participar. Esta ser\u00e1 una experiencia extracurricular que de seguro traer\u00e1 buenos resultados. Por eso, nos encontramos recorrieron los colegios, explicando el proyecto a los directivos y motivando a los escolares\u201d, afirm\u00f3.<\/p>\n\n\n\n<p>Estas clases estar\u00e1n dirigidas por la actriz aconcag\u00fcina, Natalia Sierra, quien afirm\u00f3 que sus expectativas son sumamente altas, sobre todo, porque esta instancia favorecer\u00e1 el autoconocimiento: \u201cLos objetivos que tiene este taller son que los estudiantes puedan desarrollar habilidades de autoconocimiento, conectar con su cuerpo, con su autoestima y poder trabajar con espacios seguros y principalmente, puedan desarrollar sus talentos, potenciar ese trabajo en San Esteban\u201d.&nbsp;<\/p>\n","protected":false},"excerpt":{"rendered":"<p>Esta instancia, que iniciar\u00e1 &nbsp;a partir del segundo semestre, tiene como objetivo de potenciar la creatividad y la imaginaci\u00f3n de los alumnos, a trav\u00e9s de las artes y la expresi\u00f3n, con la finalidad de orientarlos respecto a los efectos da\u00f1inos de las drogas y el alcohol. El equipo de Senda de San Esteban contin\u00faa desarrollando &hellip;<\/p>\n","protected":false},"author":2,"featured_media":3313,"comment_status":"open","ping_status":"open","sticky":false,"template":"","format":"standard","meta":{"spay_email":""},"categories":[2],"tags":[8],"jetpack_featured_media_url":"https:\/\/lavozdesanesteban.cl\/wp-content\/uploads\/2023\/06\/CULTURA-scaled.jpg","_links":{"self":[{"href":"https:\/\/lavozdesanesteban.cl\/index.php\/wp-json\/wp\/v2\/posts\/3312"}],"collection":[{"href":"https:\/\/lavozdesanesteban.cl\/index.php\/wp-json\/wp\/v2\/posts"}],"about":[{"href":"https:\/\/lavozdesanesteban.cl\/index.php\/wp-json\/wp\/v2\/types\/post"}],"author":[{"embeddable":true,"href":"https:\/\/lavozdesanesteban.cl\/index.php\/wp-json\/wp\/v2\/users\/2"}],"replies":[{"embeddable":true,"href":"https:\/\/lavozdesanesteban.cl\/index.php\/wp-json\/wp\/v2\/comments?post=3312"}],"version-history":[{"count":1,"href":"https:\/\/lavozdesanesteban.cl\/index.php\/wp-json\/wp\/v2\/posts\/3312\/revisions"}],"predecessor-version":[{"id":3314,"href":"https:\/\/lavozdesanesteban.cl\/index.php\/wp-json\/wp\/v2\/posts\/3312\/revisions\/3314"}],"wp:featuredmedia":[{"embeddable":true,"href":"https:\/\/lavozdesanesteban.cl\/index.php\/wp-json\/wp\/v2\/media\/3313"}],"wp:attachment":[{"href":"https:\/\/lavozdesanesteban.cl\/index.php\/wp-json\/wp\/v2\/media?parent=3312"}],"wp:term":[{"taxonomy":"category","embeddable":true,"href":"https:\/\/lavozdesanesteban.cl\/index.php\/wp-json\/wp\/v2\/categories?post=3312"},{"taxonomy":"post_tag","embeddable":true,"href":"https:\/\/lavozdesanesteban.cl\/index.php\/wp-json\/wp\/v2\/tags?post=3312"}],"curies":[{"name":"wp","href":"https:\/\/api.w.org\/{rel}","templated":true}]}}