{"id":3315,"date":"2023-06-07T00:12:05","date_gmt":"2023-06-07T00:12:05","guid":{"rendered":"https:\/\/lavozdesanesteban.cl\/?p=3315"},"modified":"2023-06-07T00:12:05","modified_gmt":"2023-06-07T00:12:05","slug":"enmarcado-en-las-actividades-del-mes-del-patrimonio-escuela-pablo-neruda-de-san-esteban-conto-con-presentacion-de-circenses","status":"publish","type":"post","link":"https:\/\/lavozdesanesteban.cl\/index.php\/2023\/06\/07\/enmarcado-en-las-actividades-del-mes-del-patrimonio-escuela-pablo-neruda-de-san-esteban-conto-con-presentacion-de-circenses\/","title":{"rendered":"Enmarcado en las actividades del mes del patrimonio, Escuela Pablo Neruda de San Esteban cont\u00f3 con presentaci\u00f3n de circenses"},"content":{"rendered":"\n<p><\/p>\n\n\n\n<ul><li>Las piruetas, saltos y concursos del Circo \u201cHermanas Miquel\u201d deleitaron de gran manera a la comunidad educativa.<\/li><\/ul>\n\n\n\n<p>Una intensa agenda de actividades ha realizado la Escuela Pablo Neruda enmarcadas en las celebraciones del mes del patrimonio, las que tienen por prop\u00f3sito dar realce a la cultura y a la historia del pa\u00eds.<\/p>\n\n\n\n<p>En este sentido, es que durante la jornada de este martes, recibieron la visita del Circo \u201cHermanas Miquel\u201d quienes deleitaron a toda la comunidad educativa mostrando toda la destreza de sus trapecistas, magos, acr\u00f3batas, malabaristas y el humor por parte de payasos.<\/p>\n\n\n\n<p>En este sentido, Sandra Lucero, directora de la Escuela Pablo Neruda, hizo un balance y se refiri\u00f3 a las actividades que se han realizado en marco del d\u00eda del patrimonio, calific\u00e1ndolas como positivas: \u201cEsta es una de las actividades que est\u00e1 inmersa dentro de las que desarrollamos en conmemoraci\u00f3n de nuestro mes patrimonio cultural. En este caso, el circo es parte de nuestra historia y del patrimonio de nuestro pa\u00eds, es por eso que desarrollamos esta actividad masiva con toda la comunidad educativa y en donde se ve\u00edan muy contentos disfrutando de las diversas destrezas de estos artistas. Cabe resaltar tambi\u00e9n el apoyo de los padres y apoderados que cooperaron enormemente para que pudi\u00e9ramos llevar a cabo esta actividad\u201d.<\/p>\n\n\n\n<p>A la presentaci\u00f3n asisti\u00f3 toda la comunidad educativa, desde preb\u00e1sica hasta octavo, quienes pudieron disfrutar de un gran y entretenido espect\u00e1culo.<\/p>\n\n\n\n<p>Por otro lado, la directora manifest\u00f3 que las actividades a\u00fan no finalizan, sino que contninuar\u00e1n durante toda esta semana: \u201cDurante esta semana finalizaremos las actividades que corresponden con la fecha del patrimonio con un concurso pict\u00f3rico y afiches creados por parte de nuestros alumnos, culminando en una exposici\u00f3n de lo que han visto durante las diversas actividades, y la cual estar\u00e1 abierta para que los apoderados puedan asistir y conocer los trabajos\u201d, finaliz\u00f3.<\/p>\n","protected":false},"excerpt":{"rendered":"<p>Las piruetas, saltos y concursos del Circo \u201cHermanas Miquel\u201d deleitaron de gran manera a la comunidad educativa. Una intensa agenda de actividades ha realizado la Escuela Pablo Neruda enmarcadas en las celebraciones del mes del patrimonio, las que tienen por prop\u00f3sito dar realce a la cultura y a la historia del pa\u00eds. En este sentido, &hellip;<\/p>\n","protected":false},"author":2,"featured_media":3316,"comment_status":"open","ping_status":"open","sticky":false,"template":"","format":"standard","meta":{"spay_email":""},"categories":[2],"tags":[8],"jetpack_featured_media_url":"https:\/\/lavozdesanesteban.cl\/wp-content\/uploads\/2023\/06\/CIRCO-ESC.-PABLO-NERUDA-2.jpeg","_links":{"self":[{"href":"https:\/\/lavozdesanesteban.cl\/index.php\/wp-json\/wp\/v2\/posts\/3315"}],"collection":[{"href":"https:\/\/lavozdesanesteban.cl\/index.php\/wp-json\/wp\/v2\/posts"}],"about":[{"href":"https:\/\/lavozdesanesteban.cl\/index.php\/wp-json\/wp\/v2\/types\/post"}],"author":[{"embeddable":true,"href":"https:\/\/lavozdesanesteban.cl\/index.php\/wp-json\/wp\/v2\/users\/2"}],"replies":[{"embeddable":true,"href":"https:\/\/lavozdesanesteban.cl\/index.php\/wp-json\/wp\/v2\/comments?post=3315"}],"version-history":[{"count":1,"href":"https:\/\/lavozdesanesteban.cl\/index.php\/wp-json\/wp\/v2\/posts\/3315\/revisions"}],"predecessor-version":[{"id":3317,"href":"https:\/\/lavozdesanesteban.cl\/index.php\/wp-json\/wp\/v2\/posts\/3315\/revisions\/3317"}],"wp:featuredmedia":[{"embeddable":true,"href":"https:\/\/lavozdesanesteban.cl\/index.php\/wp-json\/wp\/v2\/media\/3316"}],"wp:attachment":[{"href":"https:\/\/lavozdesanesteban.cl\/index.php\/wp-json\/wp\/v2\/media?parent=3315"}],"wp:term":[{"taxonomy":"category","embeddable":true,"href":"https:\/\/lavozdesanesteban.cl\/index.php\/wp-json\/wp\/v2\/categories?post=3315"},{"taxonomy":"post_tag","embeddable":true,"href":"https:\/\/lavozdesanesteban.cl\/index.php\/wp-json\/wp\/v2\/tags?post=3315"}],"curies":[{"name":"wp","href":"https:\/\/api.w.org\/{rel}","templated":true}]}}