{"id":3318,"date":"2023-06-08T02:21:09","date_gmt":"2023-06-08T02:21:09","guid":{"rendered":"https:\/\/lavozdesanesteban.cl\/?p=3318"},"modified":"2023-06-08T02:21:13","modified_gmt":"2023-06-08T02:21:13","slug":"masivo-interes-despierta-el-taller-de-defensa-personal-dirigido-a-mujeres-de-los-andes","status":"publish","type":"post","link":"https:\/\/lavozdesanesteban.cl\/index.php\/2023\/06\/08\/masivo-interes-despierta-el-taller-de-defensa-personal-dirigido-a-mujeres-de-los-andes\/","title":{"rendered":"Masivo inter\u00e9s despierta el taller de defensa personal dirigido a mujeres de Los Andes"},"content":{"rendered":"\n<p><\/p>\n\n\n\n<p>Pensado en potenciar la seguridad y confianza en las participantes, adem\u00e1s de entregar estrategias y conceptos fundamentales de resguardo para reaccionar eficientemente ante alg\u00fan ataque f\u00edsico, se desarrolla en la Casa Municipal de la Mujer el Taller de Defensa Personal.<\/p>\n\n\n\n<p>El taller es impartido por Cristian Cifuentes, instructor de artes marciales, espec\u00edficamente Kung Fu. El profesor detalla que las clases han sido bien recibidas por las asistentes: \u201cse ha desarrollado muy bien, las asistentes est\u00e1n s\u00faper entusiasmadas y avanzan r\u00e1pido. Les ense\u00f1amos que la defensa personal est\u00e1 al alcance de todos. Ojal\u00e1 jam\u00e1s la tengan que utilizar, pero es bueno saber qu\u00e9 hacer en una fracci\u00f3n de segundo donde se debe tomar una decisi\u00f3n\u201d.<\/p>\n\n\n\n<p>Mujeres de todas las edades han llegado a la Casa de la Mujer para aprender movimientos y a estar alerta ante cualquier situaci\u00f3n adversa. Katheryn Farf\u00e1n, asistente al taller, dijo: \u201cllevo varias clases ac\u00e1, han sido muy buenas y el profesor tambi\u00e9n que nos ha explicado sus t\u00e9cnicas\u2026 hay que estar en guardia\u201d. Otra de las asistentes, Matilde B\u00e1ez, agrega que para ella la experiencia ha sido muy positiva: \u201ces algo nuevo, a mi edad nunca pens\u00e9 en venir, pero uno siempre quiere seguir aprendiendo y me ha servido para estar alerta, para moverse, ahora ando m\u00e1s tranquila, me encant\u00f3\u201d.<\/p>\n\n\n\n<p>El taller de defensa personal es una de las tantas iniciativas que se ofrecen en la Casa Municipal de la Mujer. Su encargada, Marlen Guzm\u00e1n, se\u00f1ala que estas instancias han permitido generar disciplina y seguridad en las participantes que han asistido masivamente, debiendo instaurar un segundo d\u00eda a la semana (jueves) adem\u00e1s del martes, para recibir a otro grupo de asistentes.<\/p>\n\n\n\n<p>Entre la oferta program\u00e1tica, la profesional mencion\u00f3 para este mi\u00e9rcoles 14 de junio una charla de postulaci\u00f3n al Fondo Emerge 0 de Anglo American, adem\u00e1s de una nueva versi\u00f3n del Curso de Manipulaci\u00f3n de Alimentos este 15 de junio, tejido o cueca. Tambi\u00e9n el 14 de junio a las 18.00 horas se realizar\u00e1 la charla: \u201c\u00bfLa mente es tu mejor amiga o tu peor enemiga?\u201d. Para el mes de julio se vienen otras sorpresas como talleres de reposter\u00eda, o pelvistrong, clases para trabajar el piso p\u00e9lvico, entre otras. Las interesadas pueden acercarse a la Casa Municipal de la Mujer, ubicada en calle Millarahue 1391 en la poblaci\u00f3n Alonso de Ercilla.<\/p>\n","protected":false},"excerpt":{"rendered":"<p>Pensado en potenciar la seguridad y confianza en las participantes, adem\u00e1s de entregar estrategias y conceptos fundamentales de resguardo para reaccionar eficientemente ante alg\u00fan ataque f\u00edsico, se desarrolla en la Casa Municipal de la Mujer el Taller de Defensa Personal. El taller es impartido por Cristian Cifuentes, instructor de artes marciales, espec\u00edficamente Kung Fu. El &hellip;<\/p>\n","protected":false},"author":2,"featured_media":3319,"comment_status":"open","ping_status":"open","sticky":false,"template":"","format":"standard","meta":{"spay_email":""},"categories":[7],"tags":[8],"jetpack_featured_media_url":"https:\/\/lavozdesanesteban.cl\/wp-content\/uploads\/2023\/06\/DEFENSA-P.jpg","_links":{"self":[{"href":"https:\/\/lavozdesanesteban.cl\/index.php\/wp-json\/wp\/v2\/posts\/3318"}],"collection":[{"href":"https:\/\/lavozdesanesteban.cl\/index.php\/wp-json\/wp\/v2\/posts"}],"about":[{"href":"https:\/\/lavozdesanesteban.cl\/index.php\/wp-json\/wp\/v2\/types\/post"}],"author":[{"embeddable":true,"href":"https:\/\/lavozdesanesteban.cl\/index.php\/wp-json\/wp\/v2\/users\/2"}],"replies":[{"embeddable":true,"href":"https:\/\/lavozdesanesteban.cl\/index.php\/wp-json\/wp\/v2\/comments?post=3318"}],"version-history":[{"count":1,"href":"https:\/\/lavozdesanesteban.cl\/index.php\/wp-json\/wp\/v2\/posts\/3318\/revisions"}],"predecessor-version":[{"id":3320,"href":"https:\/\/lavozdesanesteban.cl\/index.php\/wp-json\/wp\/v2\/posts\/3318\/revisions\/3320"}],"wp:featuredmedia":[{"embeddable":true,"href":"https:\/\/lavozdesanesteban.cl\/index.php\/wp-json\/wp\/v2\/media\/3319"}],"wp:attachment":[{"href":"https:\/\/lavozdesanesteban.cl\/index.php\/wp-json\/wp\/v2\/media?parent=3318"}],"wp:term":[{"taxonomy":"category","embeddable":true,"href":"https:\/\/lavozdesanesteban.cl\/index.php\/wp-json\/wp\/v2\/categories?post=3318"},{"taxonomy":"post_tag","embeddable":true,"href":"https:\/\/lavozdesanesteban.cl\/index.php\/wp-json\/wp\/v2\/tags?post=3318"}],"curies":[{"name":"wp","href":"https:\/\/api.w.org\/{rel}","templated":true}]}}