{"id":3321,"date":"2023-06-08T02:26:01","date_gmt":"2023-06-08T02:26:01","guid":{"rendered":"https:\/\/lavozdesanesteban.cl\/?p=3321"},"modified":"2023-06-08T02:26:05","modified_gmt":"2023-06-08T02:26:05","slug":"alcalde-rivera-se-reune-con-ministro-de-transportes-y-telecomunicaciones-por-nueva-politica-portuaria","status":"publish","type":"post","link":"https:\/\/lavozdesanesteban.cl\/index.php\/2023\/06\/08\/alcalde-rivera-se-reune-con-ministro-de-transportes-y-telecomunicaciones-por-nueva-politica-portuaria\/","title":{"rendered":"Alcalde Rivera se re\u00fane con ministro de Transportes y Telecomunicaciones por nueva pol\u00edtica portuaria"},"content":{"rendered":"\n<p><\/p>\n\n\n\n<p><em>Provechosa reuni\u00f3n entre representantes de municipios de la Asociaci\u00f3n de Ciudades Puerto de Chile y el ministro de Transportes y Telecomunicaciones, Juan Carlos Mu\u00f1oz.<\/em><\/p>\n\n\n\n<p>En dependencias del ministerio de Transporte y Telecomunicaciones (Santiago) se realiz\u00f3 importante reuni\u00f3n, en la que particip\u00f3 el alcalde Manuel Rivera, junto a sus pares de Valpara\u00edso, alcalde Jorge Sharp, San Antonio, alcaldesa Constanza Lizana, e Iquique, alcalde Mauricio Soria, quienes intercambiaron puntos de vista y dialogaron sobre la Pol\u00edtica Nacional de Desarrollo Log\u00edstico Portuario impulsada por el Ministerio.<\/p>\n\n\n\n<p>En momentos que avanza la elaboraci\u00f3n de esta nueva pol\u00edtica, los actores relevantes fueron a plantear sus ideas.&nbsp; El alcalde Manuel Rivera, dijo que \u201ccomo ciudad tenemos un rol fundamental en la log\u00edstica de transporte de carga en la regi\u00f3n de Valpara\u00edso y en nuestro pa\u00eds; es importante estar posicionado en esta construcci\u00f3n de una pol\u00edtica portuaria y que Los Andes sea considerado en este nuevo ordenamiento, considerando todas las externalidades, tanto negativas como positivas\u201d.<\/p>\n\n\n\n<p>Juan Carlos Mu\u00f1oz, ministro de Transportes y Telecomunicaciones, enfatiz\u00f3 que la reuni\u00f3n, fue una instancia productiva. \u201cLa Asociaci\u00f3n de Ciudades Puerto de Chile se nos acerc\u00f3 para transmitir su inter\u00e9s por la iniciativa de elaborar una pol\u00edtica nacional de desarrollo log\u00edstico portuario, en que les interesa contribuir y que los distintos temas que estamos abordando: gobernza, desarrollo econ\u00f3mico, temas laborales, medio ambientales, entre otros, sean considerados\u201d.<\/p>\n\n\n\n<p>En tanto, Mauricio Soria, alcalde de Iquique, tambi\u00e9n consider\u00f3 positiva la reuni\u00f3n. \u201cEstuvimos viendo temas log\u00edsticos y que nuestros municipios puedan tener una relaci\u00f3n y contribuir a la pol\u00edtica portuaria nacional que se est\u00e1 construyendo. Una necesidad, queremos tener una incidencia como ciudades puerto en la parte econ\u00f3mica y que llegue a nuestras comunidades\u201d.<\/p>\n\n\n\n<p>Jorge Sharp, alcalde Valpara\u00edso agreg\u00f3 \u201cque le manifestamos al ministro la agenda que tenemos respecto a las necesidades de una nueva ley, en la que m\u00e1s nos interesa que se contemple el aporte de la actividad portuaria a las ciudades puerto, eso requiere voluntad pol\u00edtica para que los puertos tributen en cada una de la ciudades, donde se encuentran, es un anhelo de a\u00f1os\u201d.<\/p>\n","protected":false},"excerpt":{"rendered":"<p>Provechosa reuni\u00f3n entre representantes de municipios de la Asociaci\u00f3n de Ciudades Puerto de Chile y el ministro de Transportes y Telecomunicaciones, Juan Carlos Mu\u00f1oz. En dependencias del ministerio de Transporte y Telecomunicaciones (Santiago) se realiz\u00f3 importante reuni\u00f3n, en la que particip\u00f3 el alcalde Manuel Rivera, junto a sus pares de Valpara\u00edso, alcalde Jorge Sharp, San &hellip;<\/p>\n","protected":false},"author":2,"featured_media":3322,"comment_status":"open","ping_status":"open","sticky":false,"template":"","format":"standard","meta":{"spay_email":""},"categories":[7],"tags":[8],"jetpack_featured_media_url":"https:\/\/lavozdesanesteban.cl\/wp-content\/uploads\/2023\/06\/MINISTRO.jpeg","_links":{"self":[{"href":"https:\/\/lavozdesanesteban.cl\/index.php\/wp-json\/wp\/v2\/posts\/3321"}],"collection":[{"href":"https:\/\/lavozdesanesteban.cl\/index.php\/wp-json\/wp\/v2\/posts"}],"about":[{"href":"https:\/\/lavozdesanesteban.cl\/index.php\/wp-json\/wp\/v2\/types\/post"}],"author":[{"embeddable":true,"href":"https:\/\/lavozdesanesteban.cl\/index.php\/wp-json\/wp\/v2\/users\/2"}],"replies":[{"embeddable":true,"href":"https:\/\/lavozdesanesteban.cl\/index.php\/wp-json\/wp\/v2\/comments?post=3321"}],"version-history":[{"count":1,"href":"https:\/\/lavozdesanesteban.cl\/index.php\/wp-json\/wp\/v2\/posts\/3321\/revisions"}],"predecessor-version":[{"id":3323,"href":"https:\/\/lavozdesanesteban.cl\/index.php\/wp-json\/wp\/v2\/posts\/3321\/revisions\/3323"}],"wp:featuredmedia":[{"embeddable":true,"href":"https:\/\/lavozdesanesteban.cl\/index.php\/wp-json\/wp\/v2\/media\/3322"}],"wp:attachment":[{"href":"https:\/\/lavozdesanesteban.cl\/index.php\/wp-json\/wp\/v2\/media?parent=3321"}],"wp:term":[{"taxonomy":"category","embeddable":true,"href":"https:\/\/lavozdesanesteban.cl\/index.php\/wp-json\/wp\/v2\/categories?post=3321"},{"taxonomy":"post_tag","embeddable":true,"href":"https:\/\/lavozdesanesteban.cl\/index.php\/wp-json\/wp\/v2\/tags?post=3321"}],"curies":[{"name":"wp","href":"https:\/\/api.w.org\/{rel}","templated":true}]}}