{"id":3324,"date":"2023-06-08T02:29:06","date_gmt":"2023-06-08T02:29:06","guid":{"rendered":"https:\/\/lavozdesanesteban.cl\/?p=3324"},"modified":"2023-06-08T02:29:10","modified_gmt":"2023-06-08T02:29:10","slug":"avanza-la-implementacion-de-la-primera-optica-comunal-en-san-esteban","status":"publish","type":"post","link":"https:\/\/lavozdesanesteban.cl\/index.php\/2023\/06\/08\/avanza-la-implementacion-de-la-primera-optica-comunal-en-san-esteban\/","title":{"rendered":"Avanza la implementaci\u00f3n de la primera \u00f3ptica comunal en San Esteban"},"content":{"rendered":"\n<p><\/p>\n\n\n\n<ul><li>Durante los pr\u00f3ximos d\u00edas, las vecinas y vecinos podr\u00e1 adquirir sus anteojos a precios justos en un renovado espacio ubicado en pleno centro de la comuna.<\/li><\/ul>\n\n\n\n<p>Sin contratiempos avanzan las obras para concretar prontamente la primera \u00f3ptica comunal de San Esteban, la que permitir\u00e1 a las vecinas y vecinos adquirir sus anteojos a precios justos, transform\u00e1ndose en una ayuda sustancial a la econom\u00eda de las familias sanestebinas.<\/p>\n\n\n\n<p>La iniciativa, impulsada por la administraci\u00f3n municipal del alcalde Christian Ortega, se edificar\u00e1 en pleno centro, frente a la Plaza de Armas, en el espacio conocido como el ex ret\u00e9n de carabineros, la que est\u00e1 siendo acondicionada para brindar todas las comodidades.<\/p>\n\n\n\n<p>\u201cLa \u00f3ptica comunal ya comienza a ser una realidad. Estar\u00e1 en pleno centro de la comuna, donde podremos atender a nuestros vecinos, para que adquieran sus anteojos a precios muy convenientes. En las pr\u00f3ximas semanas, este anhelo y compromiso de nuestra administraci\u00f3n ya estar\u00e1 implementada. Queremos que los sanestebinos obtengan sus lentes a precios justos y lo podremos cumplir\u201d, afirm\u00f3 el jefe comunal.<\/p>\n\n\n\n<p>Por otro lado, el alcalde Ortega manifest\u00f3 que fueron cerca de 800 los vecinos atendidos durante los operativos gratuitos oftalmol\u00f3gicos, que se desarrollaron de manera itinerante por distintos puntos de la comuna durante este a\u00f1o, beneficiando as\u00ed a la econom\u00eda familiar y abriendo el acceso a la comunidad a esta prestaci\u00f3n de salud: \u201cEstamos muy contentos por todo el trabajo que hemos desarrollado en este \u00e1mbito. Sabemos que los m\u00e1s beneficiados son nuestros vecinos y continuaremos trabajando en esta senda\u201d, finaliz\u00f3.<\/p>\n\n\n\n<p>La implementaci\u00f3n de este dispositivo tuvo un costo de inversi\u00f3n que alcanz\u00f3 los 9 millones de pesos, los que fueron financiados \u00edntegramente con recursos municipales.<\/p>\n","protected":false},"excerpt":{"rendered":"<p>Durante los pr\u00f3ximos d\u00edas, las vecinas y vecinos podr\u00e1 adquirir sus anteojos a precios justos en un renovado espacio ubicado en pleno centro de la comuna. Sin contratiempos avanzan las obras para concretar prontamente la primera \u00f3ptica comunal de San Esteban, la que permitir\u00e1 a las vecinas y vecinos adquirir sus anteojos a precios justos, &hellip;<\/p>\n","protected":false},"author":2,"featured_media":3325,"comment_status":"open","ping_status":"open","sticky":false,"template":"","format":"standard","meta":{"spay_email":""},"categories":[2],"tags":[8],"jetpack_featured_media_url":"https:\/\/lavozdesanesteban.cl\/wp-content\/uploads\/2023\/06\/OPTICA-scaled.jpg","_links":{"self":[{"href":"https:\/\/lavozdesanesteban.cl\/index.php\/wp-json\/wp\/v2\/posts\/3324"}],"collection":[{"href":"https:\/\/lavozdesanesteban.cl\/index.php\/wp-json\/wp\/v2\/posts"}],"about":[{"href":"https:\/\/lavozdesanesteban.cl\/index.php\/wp-json\/wp\/v2\/types\/post"}],"author":[{"embeddable":true,"href":"https:\/\/lavozdesanesteban.cl\/index.php\/wp-json\/wp\/v2\/users\/2"}],"replies":[{"embeddable":true,"href":"https:\/\/lavozdesanesteban.cl\/index.php\/wp-json\/wp\/v2\/comments?post=3324"}],"version-history":[{"count":1,"href":"https:\/\/lavozdesanesteban.cl\/index.php\/wp-json\/wp\/v2\/posts\/3324\/revisions"}],"predecessor-version":[{"id":3326,"href":"https:\/\/lavozdesanesteban.cl\/index.php\/wp-json\/wp\/v2\/posts\/3324\/revisions\/3326"}],"wp:featuredmedia":[{"embeddable":true,"href":"https:\/\/lavozdesanesteban.cl\/index.php\/wp-json\/wp\/v2\/media\/3325"}],"wp:attachment":[{"href":"https:\/\/lavozdesanesteban.cl\/index.php\/wp-json\/wp\/v2\/media?parent=3324"}],"wp:term":[{"taxonomy":"category","embeddable":true,"href":"https:\/\/lavozdesanesteban.cl\/index.php\/wp-json\/wp\/v2\/categories?post=3324"},{"taxonomy":"post_tag","embeddable":true,"href":"https:\/\/lavozdesanesteban.cl\/index.php\/wp-json\/wp\/v2\/tags?post=3324"}],"curies":[{"name":"wp","href":"https:\/\/api.w.org\/{rel}","templated":true}]}}