{"id":3327,"date":"2023-06-08T02:33:44","date_gmt":"2023-06-08T02:33:44","guid":{"rendered":"https:\/\/lavozdesanesteban.cl\/?p=3327"},"modified":"2023-06-08T02:33:48","modified_gmt":"2023-06-08T02:33:48","slug":"talleres-participativos-para-construir-la-politica-de-participacion-ciudadana-del-gobierno-regional-de-valparaiso-en-recta-final","status":"publish","type":"post","link":"https:\/\/lavozdesanesteban.cl\/index.php\/2023\/06\/08\/talleres-participativos-para-construir-la-politica-de-participacion-ciudadana-del-gobierno-regional-de-valparaiso-en-recta-final\/","title":{"rendered":"Talleres participativos para construir la Pol\u00edtica de Participaci\u00f3n Ciudadana del Gobierno Regional de Valpara\u00edso en recta final"},"content":{"rendered":"\n<p><\/p>\n\n\n\n<ul><li>La etapa de diagn\u00f3stico contempl\u00f3 encuentros en las comunas de Vi\u00f1a del Mar, Calle Larga, La Calera, Cartagena, Villa Alemana, San Felipe, Valpara\u00edso y La Ligua. Durante las pr\u00f3ximas semanas se ejecutar\u00e1n en los territorios insulares de Rapa Nui y Juan Fern\u00e1ndez.<em>&nbsp;&nbsp;&nbsp;<\/em><\/li><\/ul>\n\n\n\n<p><em>Valpara\u00edso, junio de 2023<\/em><\/p>\n\n\n\n<p>Hasta la fecha, se han llevado a cabo ocho encuentros en las ciudades de Vi\u00f1a del Mar, Calle Larga, La Calera, Cartagena, Villa Alemana, San Felipe, Valpara\u00edso y La Ligua. Durante las pr\u00f3ximas semanas se ejecutar\u00e1n dos en territorio insular; uno en Rapa Nui y otro en Juan Fern\u00e1ndez, con lo que se dar\u00e1 t\u00e9rmino a la fase de diagn\u00f3stico del proyecto.<\/p>\n\n\n\n<p>Para el <strong>Gobernador Regional, Rodrigo Mundaca<\/strong>, estas instancias abiertas a la ciudadan\u00eda, significaron una muestra real de c\u00f3mo <em>\u201chacer y construir pol\u00edtica p\u00fablica de una manera distinta, escuchando a los territorios, escuchando las demandas concretas y reales desde las comunidades\u201d<\/em>. Asimismo, espera que su formulaci\u00f3n <em>\u201cse traduzca en una gu\u00eda, en una br\u00fajula de c\u00f3mo deber\u00eda ser la participaci\u00f3n en la regi\u00f3n, y de c\u00f3mo debiera ser vinculante en materia de decisiones de pol\u00edtica p\u00fablica y de inversiones\u201d<\/em>.<\/p>\n\n\n\n<p>Por su parte, el <strong>alcalde de Petorca, Ignacio Villalobos<\/strong>, celebr\u00f3 estos encuentros democr\u00e1ticos de participaci\u00f3n, se\u00f1alando que <em>\u201cas\u00ed se construye una regi\u00f3n de derechos, conversando con los l\u00edderes y lideresas que encabezan procesos locales. Hoy en d\u00eda, este Gobierno Regional est\u00e1 entendiendo que los instrumentos de planificaci\u00f3n territorial, de descentralizaci\u00f3n, parten en los barrios, y creo que esto debiera replicarse en todas las regiones, como una oportunidad de retornar a la democracia, al di\u00e1logo, y a una planificaci\u00f3n que sea integral y equitativa. Tenemos comunas que son similares, pero a la vez diversas, entonces, cuando logramos encontrarnos en la opini\u00f3n, se construye democracia\u201d<\/em>.<\/p>\n\n\n\n<p>Carolina Palma Elizalde, de la ONG Tejiendo Huellas de Cartagena, tambi\u00e9n se refiri\u00f3 a la relevancia de contar con espacios concretos de participaci\u00f3n, donde <em>\u201cpodemos estar los vecinos, quienes realmente sabemos lo que necesitamos, y donde nos dan el poder de incidencia (\u2026) Es de suma importancia que exista una cohesi\u00f3n social para poder construir en conjunto las pol\u00edticas que nos van a beneficiar a todos, y eso s\u00f3lo se logra a trav\u00e9s de estos di\u00e1logos ciudadanos\u201d<\/em>.<\/p>\n\n\n\n<p>A los talleres asistieron m\u00e1s de doscientas personas, provenientes de organizaciones comunitarias y territoriales, sindicatos, asociaciones gremiales, y de organismos p\u00fablicos. La metodolog\u00eda aplicada, permiti\u00f3 abordar distintas aristas de la participaci\u00f3n ciudadana, desde los problemas que enfrenta actualmente, hasta los sue\u00f1os que tiene la ciudadan\u00eda al respecto. En ese contexto, las tem\u00e1ticas m\u00e1s mencionadas fueron que sea una participaci\u00f3n vinculante, transparente, que cuente con organizaciones comprometidas, y que los procesos participativos se difundan de manera oportuna y eficiente, para que sean conocidos por toda la comunidad.<\/p>\n\n\n\n<p>Tal como precis\u00f3 Andr\u00e9s Mar\u00edn, del Grupo Ambientalista El Mel\u00f3n de Nogales, <em>\u201ces muy grato siempre estar participando dentro de los procesos de representaci\u00f3n del Estado, porque as\u00ed se siente m\u00e1s cercano, y naturalmente una de las expectativas que se generan, es que las comunicaciones con la gente mejoren, y que los deseos se vayan cumpliendo (\u2026) a trav\u00e9s de la participaci\u00f3n ciudadana efectiva, vinculante, creo que eso es lo m\u00e1s importante\u201d<\/em>. Por otra parte, Elisa Torres Bas\u00e1ez, secretaria de la Asociaci\u00f3n de Canalistas El Mel\u00f3n, espera que este proceso <a><em>\u201cllegue a buen puerto, veo que est\u00e1 siendo escuchado el pueblo, y con esto estamos planteando nuestras problem\u00e1ticas en nuestros lugares (\u2026) Es important\u00edsimo, porque hasta ahora no ha habido nada de eso, nunca\u201d<\/em><\/a>.<\/p>\n\n\n\n<p>Una vez realizados los dos talleres pendientes, el estudio pasar\u00e1 a la siguiente fase de an\u00e1lisis de la informaci\u00f3n, para luego generar una propuesta de Pol\u00edtica Regional de Participaci\u00f3n Ciudadana, que se compartir\u00e1 con la ciudadan\u00eda, para su validaci\u00f3n.<\/p>\n","protected":false},"excerpt":{"rendered":"<p>La etapa de diagn\u00f3stico contempl\u00f3 encuentros en las comunas de Vi\u00f1a del Mar, Calle Larga, La Calera, Cartagena, Villa Alemana, San Felipe, Valpara\u00edso y La Ligua. Durante las pr\u00f3ximas semanas se ejecutar\u00e1n en los territorios insulares de Rapa Nui y Juan Fern\u00e1ndez.&nbsp;&nbsp;&nbsp; Valpara\u00edso, junio de 2023 Hasta la fecha, se han llevado a cabo ocho &hellip;<\/p>\n","protected":false},"author":2,"featured_media":3328,"comment_status":"open","ping_status":"open","sticky":false,"template":"","format":"standard","meta":{"spay_email":""},"categories":[7],"tags":[8],"jetpack_featured_media_url":"https:\/\/lavozdesanesteban.cl\/wp-content\/uploads\/2023\/06\/Calle-Larga-4-scaled.jpeg","_links":{"self":[{"href":"https:\/\/lavozdesanesteban.cl\/index.php\/wp-json\/wp\/v2\/posts\/3327"}],"collection":[{"href":"https:\/\/lavozdesanesteban.cl\/index.php\/wp-json\/wp\/v2\/posts"}],"about":[{"href":"https:\/\/lavozdesanesteban.cl\/index.php\/wp-json\/wp\/v2\/types\/post"}],"author":[{"embeddable":true,"href":"https:\/\/lavozdesanesteban.cl\/index.php\/wp-json\/wp\/v2\/users\/2"}],"replies":[{"embeddable":true,"href":"https:\/\/lavozdesanesteban.cl\/index.php\/wp-json\/wp\/v2\/comments?post=3327"}],"version-history":[{"count":1,"href":"https:\/\/lavozdesanesteban.cl\/index.php\/wp-json\/wp\/v2\/posts\/3327\/revisions"}],"predecessor-version":[{"id":3329,"href":"https:\/\/lavozdesanesteban.cl\/index.php\/wp-json\/wp\/v2\/posts\/3327\/revisions\/3329"}],"wp:featuredmedia":[{"embeddable":true,"href":"https:\/\/lavozdesanesteban.cl\/index.php\/wp-json\/wp\/v2\/media\/3328"}],"wp:attachment":[{"href":"https:\/\/lavozdesanesteban.cl\/index.php\/wp-json\/wp\/v2\/media?parent=3327"}],"wp:term":[{"taxonomy":"category","embeddable":true,"href":"https:\/\/lavozdesanesteban.cl\/index.php\/wp-json\/wp\/v2\/categories?post=3327"},{"taxonomy":"post_tag","embeddable":true,"href":"https:\/\/lavozdesanesteban.cl\/index.php\/wp-json\/wp\/v2\/tags?post=3327"}],"curies":[{"name":"wp","href":"https:\/\/api.w.org\/{rel}","templated":true}]}}