{"id":3330,"date":"2023-06-08T02:36:42","date_gmt":"2023-06-08T02:36:42","guid":{"rendered":"https:\/\/lavozdesanesteban.cl\/?p=3330"},"modified":"2023-06-08T02:36:46","modified_gmt":"2023-06-08T02:36:46","slug":"registro-civil-en-junio-se-entregaran-los-ultimos-cupos-para-atencion-en-dia-sabado","status":"publish","type":"post","link":"https:\/\/lavozdesanesteban.cl\/index.php\/2023\/06\/08\/registro-civil-en-junio-se-entregaran-los-ultimos-cupos-para-atencion-en-dia-sabado\/","title":{"rendered":"Registro Civil: en junio se entregar\u00e1n los \u00faltimos cupos para atenci\u00f3n en d\u00eda s\u00e1bado"},"content":{"rendered":"\n<p><\/p>\n\n\n\n<p>Un llamado a agendar las \u00faltimas horas que se encuentran disponibles para ser atendidos en d\u00eda s\u00e1bado, realizaron el director regional (S) del Servicio de Registro Civil e Identificaci\u00f3n, Rodrigo Ureta, y la seremi de Justicia y Derechos Humanos de Valpara\u00edso, Paula Guti\u00e9rrez Huenchuleo, especialmente considerando que el presente mes ser\u00e1 el \u00faltimo en el que la instituci\u00f3n abrir\u00e1 sus puertas durante el fin de semana.<\/p>\n\n\n\n<p>Desde el Servicio de Registro Civil e Identificaci\u00f3n destacaron la favorable acogida ha tenido la iniciativa que, a partir de abril, se encuentra realizando atenciones los s\u00e1bados con objeto de poder sobrellevar la gran demanda en la solicitud de documentos de identidad y viaje por parte de los miles de ciudadanos y ciudadanas que, producto de los aplazamientos por la crisis sanitaria, Covid-19, hab\u00edan postergado la obtenci\u00f3n de estos documentos.<\/p>\n\n\n\n<p>Rodrigo Ureta Salazar, director regional (s) del Servicio de Registro Civil e Identificaci\u00f3n de Valpara\u00edso, comento respecto a este tema: \u201cen este mes de junio, y como una medida de contingencia producto de las miles de personas que a\u00fan no renuevan sus cedulas de identidad, hemos aperturado nuestras oficinas de Vi\u00f1a del Mar y Valpara\u00edso para satisfacer la demanda de cedulas vencidas producto de la pandemia. Invito a todas y todos los usuarios a revisar nuestra p\u00e1gina de internet, wwww.registrocivil.cl, y a revisar el agendamiento que est\u00e1 disponible los d\u00edas s\u00e1bado 10 y 17 de junio y no perder esta gran oportunidad para quienes no pueden realizar durante la semana sus tr\u00e1mites. Adem\u00e1s, estaremos entregando documentos y pasaportes a toda nuestra ciudadan\u00eda. El horario establecido es entre las 9.00 a las 14.00 horas\u201d.<\/p>\n\n\n\n<p>Sobre el mismo punto, la seremi de Justicia y Derechos Humanos de Valpara\u00edso, Paula Guti\u00e9rrez Huenchuleo, indic\u00f3 que \u00abel Ministerio de Justicia y Derechos Humanos junto con el Registro Civil, hemos llevado a cabo un proceso que permite generar mejores atenciones para nuestras usuarias y usuarios y esto supone que tengamos que tener alternativas los fines de semana para poder absorber la situaci\u00f3n que ha ocurrido post pandemia respecto de la cantidad de carnet vencidos y que las personas requieren para cada uno de sus tr\u00e1mites. Agradecemos y reconocemos el esfuerzo que funcionarias y funcionarios del propio servicio han desarrollado con el objeto de mejorar d\u00eda a d\u00eda la atenci\u00f3n de nuestros usuarios y usuarias y, con ello, acercar la justicia a las personas\u00bb.<\/p>\n","protected":false},"excerpt":{"rendered":"<p>Un llamado a agendar las \u00faltimas horas que se encuentran disponibles para ser atendidos en d\u00eda s\u00e1bado, realizaron el director regional (S) del Servicio de Registro Civil e Identificaci\u00f3n, Rodrigo Ureta, y la seremi de Justicia y Derechos Humanos de Valpara\u00edso, Paula Guti\u00e9rrez Huenchuleo, especialmente considerando que el presente mes ser\u00e1 el \u00faltimo en el &hellip;<\/p>\n","protected":false},"author":2,"featured_media":3331,"comment_status":"open","ping_status":"open","sticky":false,"template":"","format":"standard","meta":{"spay_email":""},"categories":[4],"tags":[8],"jetpack_featured_media_url":"https:\/\/lavozdesanesteban.cl\/wp-content\/uploads\/2023\/06\/REGISTRO-C.jpg","_links":{"self":[{"href":"https:\/\/lavozdesanesteban.cl\/index.php\/wp-json\/wp\/v2\/posts\/3330"}],"collection":[{"href":"https:\/\/lavozdesanesteban.cl\/index.php\/wp-json\/wp\/v2\/posts"}],"about":[{"href":"https:\/\/lavozdesanesteban.cl\/index.php\/wp-json\/wp\/v2\/types\/post"}],"author":[{"embeddable":true,"href":"https:\/\/lavozdesanesteban.cl\/index.php\/wp-json\/wp\/v2\/users\/2"}],"replies":[{"embeddable":true,"href":"https:\/\/lavozdesanesteban.cl\/index.php\/wp-json\/wp\/v2\/comments?post=3330"}],"version-history":[{"count":1,"href":"https:\/\/lavozdesanesteban.cl\/index.php\/wp-json\/wp\/v2\/posts\/3330\/revisions"}],"predecessor-version":[{"id":3332,"href":"https:\/\/lavozdesanesteban.cl\/index.php\/wp-json\/wp\/v2\/posts\/3330\/revisions\/3332"}],"wp:featuredmedia":[{"embeddable":true,"href":"https:\/\/lavozdesanesteban.cl\/index.php\/wp-json\/wp\/v2\/media\/3331"}],"wp:attachment":[{"href":"https:\/\/lavozdesanesteban.cl\/index.php\/wp-json\/wp\/v2\/media?parent=3330"}],"wp:term":[{"taxonomy":"category","embeddable":true,"href":"https:\/\/lavozdesanesteban.cl\/index.php\/wp-json\/wp\/v2\/categories?post=3330"},{"taxonomy":"post_tag","embeddable":true,"href":"https:\/\/lavozdesanesteban.cl\/index.php\/wp-json\/wp\/v2\/tags?post=3330"}],"curies":[{"name":"wp","href":"https:\/\/api.w.org\/{rel}","templated":true}]}}