{"id":3337,"date":"2023-06-20T04:29:57","date_gmt":"2023-06-20T04:29:57","guid":{"rendered":"https:\/\/lavozdesanesteban.cl\/?p=3337"},"modified":"2023-06-20T04:30:44","modified_gmt":"2023-06-20T04:30:44","slug":"3337","status":"publish","type":"post","link":"https:\/\/lavozdesanesteban.cl\/index.php\/2023\/06\/20\/3337\/","title":{"rendered":"\u00a1Digno de aplauso! Equipo veterinario del municipio de San Esteban salv\u00f3 a mascota con gran tumor"},"content":{"rendered":"\n<p><\/p>\n\n\n\n<ul><li>Una muestra de profesionalismo y de servicio p\u00fablico realizaron los profesionales del municipio al extirpar una neoplasia de m\u00e1s de 2 kilos y medio.<\/li><\/ul>\n\n\n\n<p>Una linda historia de profesionalismo y servicio p\u00fablico realizaron los veterinarios del municipio de San Esteban al salvar a una mascota que ten\u00eda un gran tumor, de m\u00e1s de dos kilos y medio, que amenazaba con quitarle la vida. Se trataba de \u201cFea\u201d, una perra de raza rotweiller, de 16 a\u00f1os, del sector La Chaparrina, que al ser revisada por los profesionales, constataron que se trataba de una neoplasia mamaria, de gran tama\u00f1o, que requer\u00eda una intervenci\u00f3n inmediata para extirparlo.<\/p>\n\n\n\n<p>Sin embargo, este tipo de intervenciones no son una novedad en la comuna. La administraci\u00f3n municipal ha desarrollado una estrategia para ampliar la cobertura de atenciones veterinarias para la comunidad.&nbsp;<\/p>\n\n\n\n<p>En ese sentido, Juan Carlos Astudillo, veterinario municipal, manifest\u00f3 que \u201cuno de los compromisos del alcalde Christian Ortega fue el de ampliar el servicio veterinario que se entrega a la comunidad. Por eso, estamos contentos de apoyar, ayudar a nuestra gente con los servicios de desparasitaci\u00f3n, vacunaci\u00f3n y, como en este caso, de cirug\u00eda. Esta perrita presentaba un tumor mamario bastante grande, del porte de una pelota de f\u00fatbol, por lo que nos pusimos manos a la obra para ayudarla\u201d, afirm\u00f3.<\/p>\n\n\n\n<p>En este sentido, la labor continu\u00f3 durante los d\u00edas posteriores, comunic\u00e1ndose con la familia de la mascota, para conocer su evaluaci\u00f3n y estado de salud.<\/p>\n\n\n\n<p>\u201cLas indicaciones para este caso era la eutanasia, por las condiciones en que se encontraba y la edad avanzada que tiene. Sin embargo, hablamos con la propietaria, le comentamos los riesgos de la cirug\u00eda y afortunadamente sali\u00f3 todo bien. Hoy la perrita est\u00e1 en buen estado de salud, corriendo y de seguro pasar\u00e1 varios a\u00f1os m\u00e1s con su familia\u201d, sostuvo.<\/p>\n","protected":false},"excerpt":{"rendered":"<p>Una muestra de profesionalismo y de servicio p\u00fablico realizaron los profesionales del municipio al extirpar una neoplasia de m\u00e1s de 2 kilos y medio. Una linda historia de profesionalismo y servicio p\u00fablico realizaron los veterinarios del municipio de San Esteban al salvar a una mascota que ten\u00eda un gran tumor, de m\u00e1s de dos kilos &hellip;<\/p>\n","protected":false},"author":2,"featured_media":3338,"comment_status":"open","ping_status":"open","sticky":false,"template":"","format":"standard","meta":{"spay_email":""},"categories":[2],"tags":[8],"jetpack_featured_media_url":"https:\/\/lavozdesanesteban.cl\/wp-content\/uploads\/2023\/06\/operacion-perro-scaled.jpg","_links":{"self":[{"href":"https:\/\/lavozdesanesteban.cl\/index.php\/wp-json\/wp\/v2\/posts\/3337"}],"collection":[{"href":"https:\/\/lavozdesanesteban.cl\/index.php\/wp-json\/wp\/v2\/posts"}],"about":[{"href":"https:\/\/lavozdesanesteban.cl\/index.php\/wp-json\/wp\/v2\/types\/post"}],"author":[{"embeddable":true,"href":"https:\/\/lavozdesanesteban.cl\/index.php\/wp-json\/wp\/v2\/users\/2"}],"replies":[{"embeddable":true,"href":"https:\/\/lavozdesanesteban.cl\/index.php\/wp-json\/wp\/v2\/comments?post=3337"}],"version-history":[{"count":2,"href":"https:\/\/lavozdesanesteban.cl\/index.php\/wp-json\/wp\/v2\/posts\/3337\/revisions"}],"predecessor-version":[{"id":3340,"href":"https:\/\/lavozdesanesteban.cl\/index.php\/wp-json\/wp\/v2\/posts\/3337\/revisions\/3340"}],"wp:featuredmedia":[{"embeddable":true,"href":"https:\/\/lavozdesanesteban.cl\/index.php\/wp-json\/wp\/v2\/media\/3338"}],"wp:attachment":[{"href":"https:\/\/lavozdesanesteban.cl\/index.php\/wp-json\/wp\/v2\/media?parent=3337"}],"wp:term":[{"taxonomy":"category","embeddable":true,"href":"https:\/\/lavozdesanesteban.cl\/index.php\/wp-json\/wp\/v2\/categories?post=3337"},{"taxonomy":"post_tag","embeddable":true,"href":"https:\/\/lavozdesanesteban.cl\/index.php\/wp-json\/wp\/v2\/tags?post=3337"}],"curies":[{"name":"wp","href":"https:\/\/api.w.org\/{rel}","templated":true}]}}